{"id":755,"date":"2011-06-22T15:12:33","date_gmt":"2011-06-22T15:12:33","guid":{"rendered":"http:\/\/www.art-3.org\/art-contemporain\/?p=755"},"modified":"2022-10-08T14:50:43","modified_gmt":"2022-10-08T14:50:43","slug":"expositions-2009","status":"publish","type":"post","link":"http:\/\/www.art-3.org\/art-contemporain\/expositions-2009.php","title":{"rendered":"2009"},"content":{"rendered":"<p><strong>Lasse Schmidt Hansen<\/strong>, <em>Built on Sand<\/em><br \/>\n<a href=\"http:\/\/www.art-3.org\/art-contemporain\/expositions-2009.php#metz \"><strong>Philip Metz<\/strong><\/a>, <em>Huis clos<\/em><br \/>\n<a href=\"http:\/\/www.art-3.org\/art-contemporain\/expositions-2009.php#salomone \"><strong>Yvan Salomone<\/strong><\/a>, <em>le troisi\u00e8me monde<\/em><br \/>\n<strong>Yvan Salomone<\/strong>, <em>Tout est ici retrouv\u00e9 <\/em><br \/>\n<strong><a href=\"http:\/\/www.art-3.org\/art-contemporain\/expositions-2009.php#mrejen\">Carte blanche \u00e0 art3<\/a> : Val\u00e9rie Mr\u00e9jen<\/strong> \u00e0 Lux Sc\u00e8ne nationale Valence<br \/>\n<a href=\"http:\/\/www.art-3.org\/art-contemporain\/expositions-2009.php#metz \"><strong>Philip Metz<\/strong><\/a>, <em>Preview of the review noproductionproduction <\/em><br \/>\n<strong>Pr\u00e9sentation de l\u2019\u00e9dition art3\/Optica<\/strong> \u00e0 l&rsquo;ERBA de Valence<br \/>\n<strong><a href=\"http:\/\/www.art-3.org\/art-contemporain\/expositions-2009.php#scenographie \">Sc\u00e9nographies de Dan Graham \u00e0 Hubert Robert \u00e0 art3<\/a> : Dan Graham, Ceal Floyer<\/strong><\/p>\n<p><em>______________________________________________________________<\/em><\/p>\n<h1><strong>Lasse Schmidt Hansen<br \/>\n<em>Built on Sand<\/em><\/strong><\/h1>\n<p style=\"text-align: justify;\">Exposition du 21 novembre 2009 au 16 janvier 2010<br \/>\nen R\u00e9sonance avec la Biennale de Lyon<br \/>\nCette exposition b\u00e9n\u00e9ficie de l\u2019aide de Danish Council of Visual Arts.<\/p>\n<address><em> Built on Sand<\/em> est la premi\u00e8re exposition organis\u00e9e en France de l\u2019artiste Lasse Schmidt Hansen. Les \u0153uvres r\u00e9unies \u00e0 cette occasion posent d\u2019embl\u00e8e le rapport que l\u2019artiste entretient avec la production d\u2019objets et la mani\u00e8re dont nous les percevons. Il travaille entre autre avec des sujets tels que l\u2019ordre, la pr\u00e9cision, la distraction, l\u2019ind\u00e9termination, principalement en interrogeant les syst\u00e8mes et les standards de production d\u2019objets de la vie courante. <a title=\"Lasse Schmidt Hansen\" href=\"http:\/\/www.art-3.org\/art-contemporain\/lasse-schmidt-hansen\"><span style=\"color: #888888;\">lire la suite <\/span><\/a><br \/>\n<a href=\"http:\/\/www.art-3.org\/art-contemporain\/wp-content\/uploads\/lasse-2009-011.jpg\"><img loading=\"lazy\" decoding=\"async\" class=\"alignnone wp-image-261 size-full\" title=\"lsHansen_art3 Valence\" src=\"http:\/\/www.art-3.org\/art-contemporain\/wp-content\/uploads\/lasse-2009-011.jpg\" alt=\"\" width=\"700\" height=\"525\" srcset=\"http:\/\/www.art-3.org\/art-contemporain\/wp-content\/uploads\/lasse-2009-011.jpg 700w, http:\/\/www.art-3.org\/art-contemporain\/wp-content\/uploads\/lasse-2009-011-300x225.jpg 300w\" sizes=\"auto, (max-width: 700px) 100vw, 700px\" \/><\/a><a href=\"http:\/\/www.art-3.org\/art-contemporain\/wp-content\/uploads\/lasse-2009-02.jpg\"><img loading=\"lazy\" decoding=\"async\" class=\"alignnone size-full wp-image-262\" title=\"lsHansen_art3 Valence\" src=\"http:\/\/www.art-3.org\/art-contemporain\/wp-content\/uploads\/lasse-2009-02.jpg\" alt=\"\" width=\"700\" height=\"525\" srcset=\"http:\/\/www.art-3.org\/art-contemporain\/wp-content\/uploads\/lasse-2009-02.jpg 700w, http:\/\/www.art-3.org\/art-contemporain\/wp-content\/uploads\/lasse-2009-02-300x225.jpg 300w\" sizes=\"auto, (max-width: 700px) 100vw, 700px\" \/><\/a><br \/>\n<span class=\"legend\"><em>Uro<\/em> (2006) ; <em>Making things <\/em>(2009) \u2013 art3<br \/>\n<\/span><\/address>\n<address>Lasse Schmidt Hansen est n\u00e9 en 1978 in Albertslund, Danemark. Il vit et travaille \u00e0 Berlin.<a id=\"metz\" name=\"metz\"><\/a><\/address>\n<h1><strong><br \/>\nPhilip Metz<br \/>\n<em>Huis clos<\/em><\/strong><\/h1>\n<p style=\"text-align: justify;\">Exposition du 23 octobre au 7 novembre 2009<br \/>\nDans le cadre du programme d\u2019\u00e9changes, initi\u00e9 par art 3, entre le Conseil r\u00e9gional Rh\u00f4ne-Alpes et le land du Bade-Wurtemberg. En r\u00e9sonance avec la Biennale de Lyon.<\/p>\n<p style=\"text-align: justify;\">Une partie du projet est visible sur la fa\u00e7ade du Mus\u00e9e de Valence.<\/p>\n<p style=\"text-align: justify;\">Huis clos est un projet en trois parties initi\u00e9 \u00e0 Valence par Philip Metz, lors de sa r\u00e9sidence \u00e0 art3 de septembre \u00e0 d\u00e9cembre 2008. <em>Studio X<\/em> est la verri\u00e8re de l\u2019espace d\u2019exposition que l\u2019artiste a recouvert de blanc d\u2019Espagne y inscrivant les mots huis clos. Fermant le lieu aux regards ext\u00e9rieurs, <em>huis clos<\/em> permet aux passants curieux d&rsquo;observer l\u2019int\u00e9rieur de l&rsquo;espace. La seconde partie est \u00e0 la fois une intervention sur la fa\u00e7ade du Mus\u00e9e de Valence <em>Acc\u00e8s interdit<\/em> et une performance <em>Kennen wir uns ?<\/em>1, \u00e0 art3, le soir du vernissage.<br \/>\n<a title=\"Philip Metz\" href=\"http:\/\/www.art-3.org\/art-contemporain\/philip-metz\" target=\"_blank\" rel=\"noopener\">lire la suite <\/a><\/p>\n<address style=\"text-align: justify;\"><a href=\"..\/..\/img\/metz-2009.jpg\"><img loading=\"lazy\" decoding=\"async\" class=\"alignnone\" title=\"metz_art3 Valence\" src=\"..\/..\/img\/metz-2009.jpg\" alt=\"metz\" width=\"700\" height=\"337\" \/><\/a><br \/>\n<span class=\"legend\">performance <em>Kennen wir uns ?<\/em> \u00e0 art3 <\/span><\/address>\n<h4><a href=\"http:\/\/www.art-3.org\/art-contemporain\/wp-content\/uploads\/SammlungMetz_180310-23.jpg\"><img loading=\"lazy\" decoding=\"async\" class=\"alignnone wp-image-1214 size-full\" title=\"metz_art3 Valence\" src=\"http:\/\/www.art-3.org\/art-contemporain\/wp-content\/uploads\/SammlungMetz_180310-23.jpg\" alt=\"\" width=\"960\" height=\"561\" srcset=\"http:\/\/www.art-3.org\/art-contemporain\/wp-content\/uploads\/SammlungMetz_180310-23.jpg 960w, http:\/\/www.art-3.org\/art-contemporain\/wp-content\/uploads\/SammlungMetz_180310-23-300x175.jpg 300w\" sizes=\"auto, (max-width: 960px) 100vw, 960px\" \/><\/a>Intervention sur la fa\u00e7ade du Mus\u00e9e de Valence<\/h4>\n<address><a href=\"http:\/\/www.art-3.org\/art-contemporain\/wp-content\/uploads\/cover-199x3001.jpg\"><img loading=\"lazy\" decoding=\"async\" class=\"size-full wp-image-2226 alignleft\" title=\"metz_art3\" src=\"http:\/\/www.art-3.org\/art-contemporain\/wp-content\/uploads\/cover-199x3001.jpg\" alt=\"\" width=\"100\" height=\"151\" \/><\/a><em>Sammlung<\/em>, Philip Metz \/ collection Philip Metz, 2010<br \/>\n191 p., 14 x 20 cm<br \/>\ntextes\u00a0: Georg Winter et Julienne Lorz<br \/>\nallemand\/fran\u00e7ais\/anglais<br \/>\nill. n&amp;b; ill. coul. &#8211; 1000 ex.<br \/>\nISBN 978-2-91234-23-79<\/address>\n<p>&nbsp;<\/p>\n<address>Philip Metz est n\u00e9 en 1971. Il vit et travaille \u00e0 Berlin.<a id=\"salomone\" name=\"salomone\"><\/a><\/address>\n<h1><strong><br \/>\nYvan Salomone<br \/>\n<em>le troisi\u00e8me monde<\/em><\/strong><\/h1>\n<p>Exposition du 3 juillet au 26 septembre 2009 \u00e0 art3<br \/>\nEn partenariat avec les Ch\u00e2teaux de la Dr\u00f4me<\/p>\n<address><a href=\"..\/..\/img\/sitearchives-091-%281%29_r9_c4.jpg\"><img loading=\"lazy\" decoding=\"async\" class=\"alignnone\" title=\"salomonen_art3 Valence\" src=\"..\/..\/img\/sitearchives-091-%281%29_r9_c4.jpg\" alt=\"salomone\" width=\"700\" height=\"525\" \/><\/a><br \/>\nVue de l&rsquo;exposition <span class=\"legend\"><em>Le troisi\u00e8me monde<\/em>, art3<\/span> -Vid\u00e9o, 50mn ; (de gauche \u00e0 droite) aquarelles encadr\u00e9es 104 x 145 cm 1 03 09 &#8211; compositions, 1 05 07 &#8211; neufcercles, 1 12 08 &#8211; inachevable, 2 03 09 &#8211; corpiluoghi, 4 10 08 &#8211; passofgreen<\/address>\n<p style=\"text-align: justify;\"><span class=\"legend\"><em> Le troisi\u00e8me monde<\/em> se situe en bordure de l\u2019exposition <em>Tout est ici retrouv\u00e9<\/em> au Ch\u00e2teau des Adh\u00e9mar &#8211; Centre d&rsquo;art contemporain\u00a0 \u00e0 Mont\u00e9limar. Yvan Salomone a pens\u00e9 pour les deux projets un accrochage qui tient compte des sp\u00e9cificit\u00e9s des deux lieux afin de raconter une histoire par le biais de ses chroniques peintes. Yvan Salomone va \u00e0 la rencontre d\u2019images lors de ses errances et ses d\u00e9placements et les fixe sur la pellicule de son appareil photographique pour se constituer une archive visuelle qui donne peu d\u2019indices des lieux de la fabrication de l\u2019image. Les paysages mobiles en bordure de territoires captent les traces de l\u2019activit\u00e9 humaine.\u00a0 <a title=\"Yvan Salomone\" href=\"http:\/\/www.art-3.org\/art-contemporain\/yvan-salomone\" target=\"_blank\" rel=\"noopener\"><span style=\"color: #888888;\">lire la suite<\/span><\/a><br \/>\n<\/span><\/p>\n<h1><strong>Yvan Salomone<br \/>\n<em>Tout est ici retrouv\u00e9 <\/em><\/strong><\/h1>\n<p>Direction artistique art3<br \/>\nExposition du 13 juin au 27 septembre 2009<br \/>\nCh\u00e2teau des Adh\u00e9mar, Mont\u00e9limar<\/p>\n<address><a href=\"..\/..\/img\/sitearchives-091-%281%29_r6_c8.jpg\"><img loading=\"lazy\" decoding=\"async\" class=\"alignnone\" title=\"salomone_art3 Valence\" src=\"..\/..\/img\/sitearchives-091-%281%29_r6_c8.jpg\" alt=\"salomone\" width=\"700\" height=\"526\" \/><\/a><br \/>\n<a href=\"..\/..\/img\/sitearchives-091-%281%29_r9_c1.jpg\"><img loading=\"lazy\" decoding=\"async\" class=\"alignnone\" title=\"salomone_art3 Valence\" src=\"..\/..\/img\/sitearchives-091-%281%29_r9_c1.jpg\" alt=\"salomone\" width=\"700\" height=\"525\" \/><\/a><br \/>\n<span class=\"legend\">Yvan Salomone, <em>Tout est ici retrouv\u00e9<\/em>, Ch\u00e2teau des Adh\u00e9mar, Mont\u00e9limar Courtesy de l\u2019artiste &#8211; photo : Andr\u00e9 Morin<br \/>\n<\/span><\/address>\n<address style=\"text-align: justify;\">Yvan Salomone est n\u00e9 en 1957, il vit et travaille \u00e0 Saint Malo.<\/address>\n<address>Il est repr\u00e9sent\u00e9 en France par la galerie Xippas, paris et Galerieofmarseille, Marseille.<\/address>\n<p><a id=\"mrejen\" name=\"mrejen\"><\/a><\/p>\n<p><img loading=\"lazy\" decoding=\"async\" class=\"alignleft wp-image-295 size-medium\" title=\"art3\" src=\"http:\/\/www.art-3.org\/art-contemporain\/wp-content\/uploads\/optica-1-224x300.jpg\" alt=\"\" width=\"224\" height=\"300\" srcset=\"http:\/\/www.art-3.org\/art-contemporain\/wp-content\/uploads\/optica-1-224x300.jpg 224w, http:\/\/www.art-3.org\/art-contemporain\/wp-content\/uploads\/optica-1.jpg 592w\" sizes=\"auto, (max-width: 224px) 100vw, 224px\" \/><\/p>\n<p><strong>le 23 avril 2009 Pr\u00e9sentation de l\u2019\u00e9dition art3\/Optica<\/strong><strong> r\u00e9alis\u00e9e dans le cadre du programme international de r\u00e9sidences bourse de recherche<\/strong><strong> jeune cr\u00e9ation \u00e0 l\u2019ERBA de Valence<br \/>\nartistes : David Dupont, Diane Morin<br \/>\nentretien : M.J. Lafortune et Sylvie Vojik<br \/>\ntexte de Andr\u00e9-Louis Par\u00e9<\/strong><\/p>\n<p>&nbsp;<\/p>\n<p>&nbsp;<\/p>\n<p>&nbsp;<\/p>\n<p>&nbsp;<\/p>\n<p><a href=\"http:\/\/www.art-3.org\/art-contemporain\/wp-content\/uploads\/com-presse-cin\u00e9plastique-mrejen.jpg\"><img loading=\"lazy\" decoding=\"async\" class=\"size-medium wp-image-293 alignleft\" title=\" mrejen_art3 Valence\" src=\"http:\/\/www.art-3.org\/art-contemporain\/wp-content\/uploads\/com-presse-cin\u00e9plastique-mrejen-211x300.jpg\" alt=\"\" width=\"211\" height=\"300\" srcset=\"http:\/\/www.art-3.org\/art-contemporain\/wp-content\/uploads\/com-presse-cin\u00e9plastique-mrejen-211x300.jpg 211w, http:\/\/www.art-3.org\/art-contemporain\/wp-content\/uploads\/com-presse-cin\u00e9plastique-mrejen.jpg 595w\" sizes=\"auto, (max-width: 211px) 100vw, 211px\" \/><\/a><strong>le 28 avril 2009 : Carte blanche \u00e0 art3 : Val\u00e9rie Mr\u00e9jen<\/strong><strong> \u00e0 Lux Sc\u00e8ne nationale Valence dans le cadre de Cin\u00e9plastiques<\/strong><\/p>\n<p>&nbsp;<\/p>\n<p>&nbsp;<\/p>\n<p>&nbsp;<\/p>\n<p>&nbsp;<\/p>\n<p>&nbsp;<\/p>\n<p><em><br \/>\n<a id=\"metz\" name=\"metz\"><\/a><\/em><\/p>\n<p>&nbsp;<\/p>\n<h1><strong>Philip Metz<br \/>\n<\/strong><em><strong>Preview of the review <\/strong><br \/>\nnoproductionproduction <\/em><\/h1>\n<p>Exposition du 24 avril au 7 mai 2009<br \/>\nEcole r\u00e9gionale des Beaux-Arts de Valence<\/p>\n<address><a href=\"..\/..\/img\/sitearchives-091-%281%29_r5_c2.jpg\"><img loading=\"lazy\" decoding=\"async\" class=\"alignnone\" title=\"metz_art3 Valence\" src=\"..\/..\/img\/sitearchives-091-%281%29_r5_c2.jpg\" alt=\"metz\" width=\"700\" height=\"469\" \/><\/a><br \/>\n<span class=\"legend\">Philip Metz, <em>Winterprotection<\/em> (2009) ; Emulsion 472 (2008), ERBA de Valence<\/span><\/address>\n<p><a id=\"scenographie\" name=\"scenographie\"><\/a><\/p>\n<h1><strong>Sc\u00e9nographies de Dan Graham \u00e0<br \/>\nHubert Robert<br \/>\n<\/strong><\/h1>\n<p>Exposition \u00e0 art3 : Dan Graham, Ceal Floyer<br \/>\ndu 14 mars au 28 juin 2009<br \/>\nDans le cadre de la diffusion de la collection du Mus\u00e9e de Valence et la collection de l\u2019Institut d\u2019art contemporain Rh\u00f4ne-Alpes avec Lux Sc\u00e8ne nationale, la maison des T\u00eates, Com\u00e9die de Valence, Bourse du Travail, Salle des Clercs, Lyc\u00e9e le Valentin Bourg les Valence, Palais Delphinal St-Donat-sur-Herbasse.<\/p>\n<address><a href=\"..\/..\/img\/sitearchives-091-%281%29_r1_c2.jpg\"><img loading=\"lazy\" decoding=\"async\" class=\"alignnone\" title=\"scenographie-art3\" src=\"..\/..\/img\/sitearchives-091-%281%29_r1_c2.jpg\" alt=\"dan graham\" width=\"699\" height=\"463\" \/><\/a><br \/>\n<a href=\"..\/..\/img\/sitearchives-091-%281%29_r2_c7.jpg\"><img loading=\"lazy\" decoding=\"async\" class=\"alignnone\" title=\"scenographie_art3 Valence\" src=\"..\/..\/img\/sitearchives-091-%281%29_r2_c7.jpg\" alt=\"graham\" width=\"699\" height=\"460\" \/><\/a><br \/>\n<span class=\"legend\">Ceal Floyer, <em>Viewfinder<\/em> (2006), collection Mus\u00e9e de Valence ;<br \/>\nDan Graham, <em>Project for Slide Projector <\/em>(1996-2006) ; <em>Two Cubes, One Cube rotated 45\u00b0<\/em>, (1985) Collection de l\u2019Institut d\u2019art contemporain, Rh\u00f4ne-Alpes photos : Blaise Adilon<\/span><\/address>\n<p><a href=\"http:\/\/www.art-3.org\/art-contemporain\/wp-content\/uploads\/dp.pdf\">dossier de presse<\/a><\/p>\n<p>&nbsp;<\/p>\n<p>&nbsp;<\/p>\n<h2><\/h2>\n<div class=\"pdf24Plugin-cp\"> \t<form name=\"pdf24Form0\" method=\"post\" target=\"pdf24PopWin\" action=\"https:\/\/doc2pdf.pdf24.org\/wordpress.php\"><input type=\"hidden\" name=\"blogCharset\" value=\"Cw1x07UAAA==\" \/><input type=\"hidden\" name=\"blogPosts\" value=\"MwQA\" \/><input type=\"hidden\" name=\"blogUrl\" value=\"yygpKbDS1y8vL9dLLCrRNdbLL0rXB7GS8\/NKUnML8osSM\/MA\" \/><input type=\"hidden\" name=\"blogName\" value=\"SywqMQYA\" \/><input type=\"hidden\" name=\"blogValueEncoding\" value=\"gzdeflate base64\" \/><input type=\"hidden\" name=\"postId_0\" value=\"Mzc1BQA=\" \/><input type=\"hidden\" name=\"postTitle_0\" value=\"MzIwsAQA\" \/><input type=\"hidden\" name=\"postLink_0\" value=\"yygpKbDS1y8vL9dLLCrRNdbLL0rXB7GS8\/NKUnML8osSM\/P0UysK8oszSzLz84p1jQwMLPUKMgoA\" \/><input type=\"hidden\" name=\"postAuthor_0\" value=\"SywqMQYA\" \/><input type=\"hidden\" name=\"postDateTime_0\" value=\"MzIwNNQ1MNM1MlIwNLUyMLMyNgYA\" \/><input type=\"hidden\" name=\"postContent_0\" value=\"zVrNcttGEr7vU0wxFVdcRVAE9UtJ1pYlO7Gz1sZlOU72pBoCQ3JkAIPMAJSUU94hp72l9rLRnvaQJwhrXyRPsl\/PACBIgfrlJuty2cRfT0\/\/ft3T++nBvsm0SkYHb7gxgp0E41iGGXvFEyOS\/bXiYZvti\/jgMJdRxlTCTngS7q\/hzv5As7WDP+1zNtZi+Kw1zrJ0d23t\/Py8w3XmrXeUHq3Rr0AlmYhTpblM1sRFqozMpEqM1+t2+510nH4Si+x71qrYeTuWkUzZMe5WXOyv8YKTV7k0LIiUWTUXhkcqVomocfK3Cacdu\/sNvESC4ZY0cvpzLBheCsUcVzeScSTeqzxjwmRMBpJpgUf5ZHrFmsisRNRanImkdXCE1wUbRDwJxoJNf2K4XqeNsV32gUfTKy0FO9bTq7OaKdB7b\/ILWMr0Z8gp4UScQwj4QiSB+KNM4q0WEynOmRqyDLsprhKVahXmAVGe\/WqU7FtsFDaf2Q2xULDotx\/+Pr0KLVdWNGtfpZkM+JwooifafJervZfvDp\/TRwtSWKHWTCASNdI8HUsyT8j\/qro2tPQLGNgXmo95TIy9ygdCZ+ydsv\/NK3f2ZpsdCR6xzyN1KXRNqil4R2yAlE4f9ccJ2pIb+zfHmkJizXFmxhnIgDVmsstIPGtl4iLzeCRHyS47y00mh5d7rYOXlfxYmLOeDzOYiHigBSNpMp4zf4ud8QQmonHL7xaLi4S9gxHAnqFCxiciYBFnh1Ik1sIh4zeXquT0SGTwnpmq2AAKmV4N4cOiNB8uQ1GoRpoxO1J5EsiIbPSDNDkE\/1xnpuPkw8NQC2Os0Nl1Edj4AG5SLWKEGj23NKyIVphe4W7CPteW\/5IHnUkDTpuE3mFvYDv\/+TGfYGkGB8gTMiZYS2B3p4KAG1oAK8E1WAh6EGQ0\/Rm04WQ8hcVm7Lt8fim8iigm6YtSiDXnIyJqcCYyw4TdUgze7Y5COAF0lRsQNywVOhAT+ECHvY4QY\/mEyygqqEOJ9l8iH+Jlk1uCmYhMxY7SkGjbrT69CiTtxF6G4FJzy03bvimTcHqVCR1LF8\/a+EJCVSnUHtM2IFUJB9VajQTHNfFnLk1GMd9tg25kUBbXofXG5g2TTjiD3bFA5VBTJjoMwSGTGVlzk4pa94ocEVHwjKPgjR0F+F0Kjy9cJlCR0rvskx37B94SSW25MrmE7uBqeNkG1oeF8vPUXSfZWp5Gioem4Ip8z+v6fucsHYEnGY8YPZbJ6Fkr4t9ftiCdQLlrbi6ToIUUjy9xRQ6eUFoGcRnzEYht+czI74U3zKOoVQowMk5opxTsyljcYkYHq+We8Sh71mqxc0h5\/Ky13e1CTUKOxri72du0KxqRrXRRhlXO22xFFL31bvei19u0lPH7vGXFScLOM9Vmn8X8wrPb26WF04unzO92J2DAXrVgGNZEVmobvceYRmUNdSPp\/X6m0fsDLKO3asPorcouSvxDgadQVSRGIglbNsF9rZXLap9h3a2nbM9iuGP+ESoGfsO\/xoE0et5\/yn774UcHYAq6VZAqkuYsfTbFUJs7kZspjPv97R3EcvY8ImBkojwJ25SfRcz1R5tpJjKjiD5LOEiHh0JHMunA3GX4rEXAtAXoG4vit9tzjZsa2ClYrqPXGdRZKGQeBXPWka4zNbC5kW3PY55iSeyTcisLeEjpNqcsBQgZo3AJLdoNkDJGwrQhIRCGxFKuSfBsvV3kXXx9hJwsAGOQVEcW\/LN34+kvifCeR2mZDZFQkpBWOOSh8L7JUWnEEPiow14m9OFtIKsARbdI4Gv4fUqoo9wMkqxV9gTJfgBqJtdEfcin\/+Shfek4tzBpBtXvtlKlKEs+T6rFElf9FWyYSnAwmmIBK8Oa+gE5lLZQwHArCoBEeq3A6PaBSDOnPNwENAkqTe50rKecZHkoFft2DhpOgE8KIOUAkICXBE61NbC4iNbABIJrPqE6ISzqQfvNS3w+goQvsSkTaDkpkU+sAGXGpUQ67HMgJ\/eMRVLksL8L0BxZKARp2kIy18YVauM5kyeUBxeyn6RwXZDB05w+uGBhUVypgREa\/BVYrSRot1m84rYKPAscg90kYWUYJBwq1GAFpKccG7JQbgJ7JnHcwUQs388DVLzGfYuisJB8ZgliE0NFMije\/QuMGZZxLjUeG\/Zn+7LfLlXcJkkZhadYDfsCdDfIV50Z4CqSVs1q7ocDU\/uh5wJVxvWIUs4pqfZjC6qJnrUSpVKRCH0d\/\/GDuYLkZr+oAECns4a\/yNxrtKgrWx+ezau0TcSaUvay5Vz+dftuysHr69t3yVF3UmjlsQ3paLyxAmx0gsiMBDUi\/Z\/6O911v+v11leCn\/2ev9EAoJeJ+3+xhQWo1N+qQ6UtfwVQafniDKs9BjM1U7bgyd++E3gCAzXwZK9Kw3x9z\/AEtLBRbyA82u4CQAft+f3+BTbxgHqtCYr3elvM2mEkhtl1e3usnTWwvGBffj0M+Jt+FQYonRbqtG7dridrtoZKHSDQVfJzWbzWOPL7Pks7bQafusB9FsTFAwqawvz60y77QmAr7BubPihtfJlHBHmAdpQuESHHQog54dpQ8wT6lmYNcCzC\/8ULgKMdljzhcbo32GP2Cpkb\/z75ZKfn+3tkTl2k3DKTvD45\/CsD4PV6Xt\/vrW+QjW7363EqPXiSDEy6N9+DqgtgHjv7d4TIZSO9hMnV9R2g8nyrfAaWl3baF2HzAjJeR74iLgllMJjhDF3ZdmDZG3ULAZ4ScBAJ15KX\/StgnqPx9B+ZIJjiejgv9PSXWCy07q4nQ3AhuA7GciKM1+373qe9Hf\/TXv9U90+DjVVkyFKyyc1p8g6MOIeZaW5pDTuXPz\/kYg6IzUS\/tPp7s0SR7aJJbbMp8z5IQF+Ezc1unKBC\/AyrjHhenFWEIJCJp4x\/l3MAGlIR9o26BrHRwA\/IE\/2NTbgi81l3nUHRpZMEKq766216usm629XTROTDQOggEvah32PdneqhTDjWn3DUFggA1+jqVEa5Go1lm22Ah\/qXBG7VcKQFnaXU\/O8WeLVMhGyZDGHdSDpZbjvBA6XDvFYP1HSz9NjJUYGnlBZv+6vPw\/H0CiVytZ8jVw6WEJ1qxHqM\/vUnUtKxIrAeIQXoDptza1QdgJ+GKkxFGc4eYVANYMsqgumMB4FWKEhHAiWLZK6fTLrLhGv5ptTUpX471jD2liUR2dqBD6U9xdHcsqUtTh+j4FEEd6kkQzgZSMRWV3Ch6hgjiEhUR9R6pjhtFnme8KKS0DA15fZPFQllODOr6sgUte3B22KYrmHIaYQChZrJVb94KC+qCjWFCcsgdwWwoQOnFDxSlZ2OVVac81DlZsVlqH+cwEigZ7ezwrWp8M3JG6zIQpXY4iR3bCahDIQTlJORi2RDPtAymDv2sjtyhwMpvzR2e7EaSOdldbOinri0MoUAeUo52e6N+uvuWMqWmkifE1ITqsYY1iE6sI9ZmTMn5fsVOpf41JuFrFtKnXs0whv64OWdhdOsZenqxlPdaynrBRYPyqNGmKlVdj0vzaU03+a0xCa07YWEVp5PNblvu+6Sj0heW6fBziqT10NzV8XH3XLX1mLtd8+E7f8\/7Lni42H5ujGlzNlw+7bs0Ga3GxcddgJGmcvFc8gqIVJcY7vseUI5G59qmdza3r05W85H6zngurndBl5uBK4niCMZO8ZnnaaGMuAuUdIiLQYEHMnikNUmEg5cEgmalvhWImwDN+C2tHH+C\/dADSESapoSbjguf3bmkXjZXXbjGWV\/uRjWmPVl0vvbH9VctVqsv+lK\/1iEMo8rw1xFHabsiITno+DboFKsqRLDo1pDhqz10ZV+07IMvx9T45c0La3Nfu+mah5L1ap5e+XcrlBYEe1hcL111BQapmhrj\/sPnZSkqHMM3bpWwPK2vq03yyEdi4eqhrNBHs9hifauAKxFtBHX1zkThC8CWs4yRQiImsONAy+Fkxs7ZDKRIXuRpxBrm72QHFTqTl4NCeDd486X1LodKp3RYvCbk8uITsk\/qDP5sV5L05IuYnhvFHWS33JNUWlhcqVe1N7nahW9k9hLyaWFF8jEwj6XzD3nyQ\/spjhXrfvwekM7hbk1VtrBu21DHqL5Uk\/3\/VV7+n3YYfj9mAhwF10iMmzeGBl8vx4Z6KpKyLWosFOPCruscTTvprG8\/TuO5y3GCsGO5nZmVuZKC441N6d50yFqNTA2T6IGuBuOUium6etqoK9pInD2qvv0xgnB5n5Sb6NQlj1nRT1Th90vUVaI2dGoK1UPqXHk0bDXXNv2wfB78zTo\/T6nK3fg4bYjl42t\/l0g6FxvlfToeqXQSeYKo9nAQJ8GBl7GeWRn0za2e\/buztM2W8xK14FkBbPq85RVl7J+rwa5asZ3y9xlscO56ctrRtpgVjMXXzac6YhQ7bfBCEza2m\/HlYHLj\/iFm3cbDnNTIgxe72g3Hne6sbz6Ww6YvHYtBzcHuNjxmR8CsH3TpkDUdhN\/0liyhr2f\/iujTtuRign31Plos8MCoOTsvUPsbYL3hVMdAVkH+PLNZUD8lzEuAyv03cj2ISpSbzn10dkLEUFxhIVOMu8FOMo8k2vvldADGhzpPMIp\/RU5Zd0IvRomvxcPzikR7NnI2lLlmlv9ft011x9TEfdOg+1V7\/ih4ajixe385l137xKQas7nAtIH5I+hTEKalJ7NLrXrjnLdl\/Zmflm5tZtXV2f4iAHzspOI5oSLO7h2k09+v7\/l1cej3p8rdoTAApv\/Ci5FPxmiI89EyDY2f\/13UZvjw53Np3Coe7lve95\/bXVOMP6Q3AaYO5QRheDmePpIzBymnTQctg5CZQyNZNvxWYJd9aJ3OboY9yik9g7+9F8=\" \/><\/form> \t<div class=\"pdf24Plugin-cp-link\"> \t\t<a href=\"#\" onclick=\"var pdf24Win = window.open('about:blank', 'pdf24PopWin', 'resizable=yes,scrollbars=yes,width=600,height=250,left='+(screen.width\/2-300)+',top='+(screen.height\/3-125)+''); pdf24Win.focus(); document.pdf24Form0.submit(); if(typeof pdf24OnCreatePDF === 'function'){void(pdf24OnCreatePDF(this,pdf24Win));} return false;\">TELECHARGER L\\'ARTICLE AU FORMAT PDF<\/a> \t<\/div> <\/div>","protected":false},"excerpt":{"rendered":"<p>Lasse Schmidt Hansen, Built on Sand Philip Metz, Huis clos Yvan Salomone, le troisi\u00e8me monde Yvan Salomone, Tout est ici retrouv\u00e9 Carte blanche \u00e0 art3 : Val\u00e9rie Mr\u00e9jen \u00e0 Lux Sc\u00e8ne nationale Valence Philip Metz, Preview of the review noproductionproduction &hellip; <a href=\"http:\/\/www.art-3.org\/art-contemporain\/expositions-2009.php\">Continuer la lecture <span class=\"meta-nav\">&rarr;<\/span><\/a><\/p>\n","protected":false},"author":1,"featured_media":0,"comment_status":"closed","ping_status":"open","sticky":false,"template":"","format":"standard","meta":{"footnotes":""},"categories":[29,25],"tags":[],"class_list":["post-755","post","type-post","status-publish","format-standard","hentry","category-archives-des-expositions","category-exposition-2009"],"_links":{"self":[{"href":"http:\/\/www.art-3.org\/art-contemporain\/wp-json\/wp\/v2\/posts\/755","targetHints":{"allow":["GET"]}}],"collection":[{"href":"http:\/\/www.art-3.org\/art-contemporain\/wp-json\/wp\/v2\/posts"}],"about":[{"href":"http:\/\/www.art-3.org\/art-contemporain\/wp-json\/wp\/v2\/types\/post"}],"author":[{"embeddable":true,"href":"http:\/\/www.art-3.org\/art-contemporain\/wp-json\/wp\/v2\/users\/1"}],"replies":[{"embeddable":true,"href":"http:\/\/www.art-3.org\/art-contemporain\/wp-json\/wp\/v2\/comments?post=755"}],"version-history":[{"count":40,"href":"http:\/\/www.art-3.org\/art-contemporain\/wp-json\/wp\/v2\/posts\/755\/revisions"}],"predecessor-version":[{"id":5919,"href":"http:\/\/www.art-3.org\/art-contemporain\/wp-json\/wp\/v2\/posts\/755\/revisions\/5919"}],"wp:attachment":[{"href":"http:\/\/www.art-3.org\/art-contemporain\/wp-json\/wp\/v2\/media?parent=755"}],"wp:term":[{"taxonomy":"category","embeddable":true,"href":"http:\/\/www.art-3.org\/art-contemporain\/wp-json\/wp\/v2\/categories?post=755"},{"taxonomy":"post_tag","embeddable":true,"href":"http:\/\/www.art-3.org\/art-contemporain\/wp-json\/wp\/v2\/tags?post=755"}],"curies":[{"name":"wp","href":"https:\/\/api.w.org\/{rel}","templated":true}]}}