{"id":5754,"date":"2022-02-18T13:43:02","date_gmt":"2022-02-18T13:43:02","guid":{"rendered":"http:\/\/www.art-3.org\/art-contemporain\/?p=5754"},"modified":"2022-04-21T11:07:56","modified_gmt":"2022-04-21T11:07:56","slug":"residence-floraine-sintes","status":"publish","type":"post","link":"http:\/\/www.art-3.org\/art-contemporain\/residence-floraine-sintes.php","title":{"rendered":"R\u00e9sidence &#8211; Floraine Sint\u00e8s"},"content":{"rendered":"<h2><strong>R\u00e9sidence mars &gt; avril 2022 \u00e0 Barcelone.<br \/>\n<\/strong><\/h2>\n<h3><strong>Dans le cadre de la r\u00e9sidence crois\u00e9e en partenariat avec Homesession Barcelone.<br \/>\nAvec le soutien de la R\u00e9gion Auvergne-Rh\u00f4ne-Alpes et l\u2019Institut Ramon Llull.<\/strong><\/h3>\n<p><strong>Floraine Sint\u00e8s, Looking for Zara.<\/strong><br \/>\n<strong>26 et 27 Avril, Homesession Barcelone.<\/strong><\/p>\n<p><a href=\"http:\/\/www.art-3.org\/art-contemporain\/wp-content\/uploads\/2022\/02\/sinte\u0300s-homesession.png\"><img loading=\"lazy\" decoding=\"async\" class=\"alignleft wp-image-5784 size-medium\" src=\"http:\/\/www.art-3.org\/art-contemporain\/wp-content\/uploads\/2022\/02\/sinte\u0300s-homesession-300x188.png\" alt=\"\" width=\"300\" height=\"188\" srcset=\"http:\/\/www.art-3.org\/art-contemporain\/wp-content\/uploads\/2022\/02\/sinte\u0300s-homesession-300x188.png 300w, http:\/\/www.art-3.org\/art-contemporain\/wp-content\/uploads\/2022\/02\/sinte\u0300s-homesession.png 640w\" sizes=\"auto, (max-width: 300px) 100vw, 300px\" \/><\/a>\u00ab\u00a0Looking for Zara\u00a0\u00bb est une exposition de recherche sur l&rsquo;entit\u00e9 corporative \u00e9ponyme, propri\u00e9t\u00e9 du groupe espagnol Inditex, quatri\u00e8me entreprise textile mondiale. Floraine Sint\u00e8s s&rsquo;attaque \u00e0 la figure de Zara dans le cadre de sa s\u00e9rie et de son projet de recherche : \u00ab\u00a0Les Doublures \u00ab\u00a0*(*lining\/double), en s&rsquo;int\u00e9ressant aux marques de v\u00eatements et \u00e0 ce qu&rsquo;elles montrent d&rsquo;elles-m\u00eames (Chlo\u00e9, Caroll, Jennyfer, C\u00e9line et Morgan). Avec, entre autres, \u00ab\u00a0PLUS QU&rsquo;UN TRAVAIL, un mode de vie\u00a0\u00bb comme slogan de recrutement, Zara s&rsquo;inscrit dans la lign\u00e9e des groupes qui visent \u00e0 \u00ab\u00a0remettre l&rsquo;humain au c\u0153ur de leur activit\u00e9\u00a0\u00bb.<\/p>\n<p>En diss\u00e9quant le vocabulaire marketing utilis\u00e9 par la marque, le langage et les strat\u00e9gies manag\u00e9riales internes adress\u00e9s \u00e0 ses employ\u00e9s, les t\u00e9moignages officiels et officieux, l&rsquo;artiste dresse le portrait de l&rsquo;identit\u00e9 fictive que fabrique l&rsquo;entit\u00e9 juridique de l&rsquo;entreprise, et met en circulation d&rsquo;autres r\u00e9cits&#8230; Que pr\u00e9tend-elle \u00eatre ?<\/p>\n<p>&nbsp;<\/p>\n<p>&nbsp;<\/p>\n<p><a href=\"http:\/\/www.art-3.org\/art-contemporain\/wp-content\/uploads\/2022\/02\/DSC_0964-scaled.jpg\"><img loading=\"lazy\" decoding=\"async\" class=\"alignnone wp-image-5755\" src=\"http:\/\/www.art-3.org\/art-contemporain\/wp-content\/uploads\/2022\/02\/DSC_0964-684x1024.jpg\" alt=\"\" width=\"440\" height=\"659\" srcset=\"http:\/\/www.art-3.org\/art-contemporain\/wp-content\/uploads\/2022\/02\/DSC_0964-684x1024.jpg 684w, http:\/\/www.art-3.org\/art-contemporain\/wp-content\/uploads\/2022\/02\/DSC_0964-200x300.jpg 200w, http:\/\/www.art-3.org\/art-contemporain\/wp-content\/uploads\/2022\/02\/DSC_0964-768x1150.jpg 768w, http:\/\/www.art-3.org\/art-contemporain\/wp-content\/uploads\/2022\/02\/DSC_0964-1025x1536.jpg 1025w, http:\/\/www.art-3.org\/art-contemporain\/wp-content\/uploads\/2022\/02\/DSC_0964-1367x2048.jpg 1367w, http:\/\/www.art-3.org\/art-contemporain\/wp-content\/uploads\/2022\/02\/DSC_0964-scaled.jpg 1709w\" sizes=\"auto, (max-width: 440px) 100vw, 440px\" \/><\/a><\/p>\n<p>Soutiens priv\u00e9s, (veste s\u00e9rigraphi\u00e9, d\u00e9tail), cr\u00e9dit photo :Paul Sudron<\/p>\n<p>Floraine Sint\u00e8s (n\u00e9e en 1995) vit et travaille \u00e0 Lyon. Apr\u00e8s un bref passage par Olivier de Serre en design communication des marques et packaging, elle rejoint l\u2019Ecole Nationale Sup\u00e9rieure des Beaux Art de Lyon dont elle sort dipl\u00f4m\u00e9e en 2020. Elle forme le duo Donnant-Donnant avec Agathe Chevalier. Depuis 2016 elle s&rsquo;investie dans plusieurs collectifs et associations : Maison de l\u2019\u00e9cologie \u00e0 Lyon, Cybersistas (club f\u00e9ministe intersectionnel), p\u00f4le technique (cr\u00e9ation d&rsquo;espace de travail pour artistes autog\u00e9r\u00e9s) en 2021 elle co-fonde l\u2019artiste Runspace Monop\u00f4le \u00e0 Lyon. La m\u00eame ann\u00e9e elle pr\u00e9sente son travail dans plusieurs expositions collectives. <em>La quatri\u00e8me du tr\u00e8fle ordinaire, O<\/em>rangerie du Parc de la t\u00eate d\u2019or, <em>\u00c0 Ciel ouvert, <\/em>commissariat Studio Ganek, Lyon, <em>Le d\u00e9but de la fin, <\/em>Institut d\u2019Art Contemporain de Villeurbanne. En 2022 elle participera \u00e0 <em>Ce qui reste d&rsquo;espoir pour mentir, <\/em>Brasserie Atlas, Bruxelles,\u00a0 <em>Zone grise<\/em> \u00e0 monop\u00f4le et super F97 et <em>Acteur.ices Permanent.es<\/em>, exposition in-situ aux Th\u00e9\u00e2tre des C\u00e9lestins, sur une invitation de la BF15.<\/p>\n<div class=\"pdf24Plugin-cp\"> \t<form name=\"pdf24Form0\" method=\"post\" target=\"pdf24PopWin\" action=\"https:\/\/doc2pdf.pdf24.org\/wordpress.php\"><input type=\"hidden\" name=\"blogCharset\" value=\"Cw1x07UAAA==\" \/><input type=\"hidden\" name=\"blogPosts\" value=\"MwQA\" \/><input type=\"hidden\" name=\"blogUrl\" value=\"yygpKbDS1y8vL9dLLCrRNdbLL0rXB7GS8\/NKUnML8osSM\/MA\" \/><input type=\"hidden\" name=\"blogName\" value=\"SywqMQYA\" \/><input type=\"hidden\" name=\"blogValueEncoding\" value=\"gzdeflate base64\" \/><input type=\"hidden\" name=\"postId_0\" value=\"MzU3NQEA\" \/><input type=\"hidden\" name=\"postTitle_0\" value=\"Czq8sjgzJTUvOVVBTdnCyNDQWsEtJ78oMTMvVSE4M6\/k8IpiAA==\" \/><input type=\"hidden\" name=\"postLink_0\" value=\"yygpKbDS1y8vL9dLLCrRNdbLL0rXB7GS8\/NKUnML8osSM\/P0i1KLM1NS85JTddNywCKpusWZQPlivYKMAgA=\" \/><input type=\"hidden\" name=\"postAuthor_0\" value=\"SywqMQYA\" \/><input type=\"hidden\" name=\"postDateTime_0\" value=\"MzIwMtI1MNI1tFAwNLYyMAIiAA==\" \/><input type=\"hidden\" name=\"postContent_0\" value=\"vVfLchvHFd37K27BVSrSNXiSAEkJYgqkJEcpypZJywtvUo2ZxqClnu5Rdw8IeqV\/8Co7VVaGs9UuO6Kyy1fkS3JuzwCEaSeLFJ2FRPRM9+37POfMeD44HfvgrMlPL9crrzJpUkmFcJ4e5eEJiYVTmga9wYDWH+lMuFRqa2RnPHXUPf1s3G0Oj7uw9Nl4frA190wYT1pSKjInKZOkBbm7K1JnlV+vJElDpXBBGuGUCLhQpvRHW0gvvVfW\/PrOCe+AYW+roHC6Ng3vc94+qRbS5Ua2L+frT\/gz0aX0JAPpf334y0vjgwpVoEtRYO+FrrTu7MZwgBjKbQgvtHVCGUlXyoT1Tz6hC2vfKZPTzDr6Xjixc7hJSLMcjPjOwRFNOIHJf4ro7uqyvlnQ3MnZ09Y8hPJxt3t9fd1BctoHHevyLv9KrQmyKKNj3euyXpvQrUptRea7XKpub9D1cFn+84Nvz+9u7pQmb52OVZETb0YgT1ta\/HDTQg5TW6+FvzFpi1ItvMdKq9xoOQuEq1QhctkeHh0fklc\/yHYhM1UVLfIu\/Z0cbh\/0esv+8XF0nIQOT1stulZZmD9t4VWL5lLlczzFnuiHl+H\/4Arh93VCv1uNaHTYu27FJHMNqmAT2ivEsh1Df8zXl8t96vd6C7gRVy0037grTm\/\/dvvxfpPefrz9O0kfqEIry2VpvQrchxgcJ9O5dPhHvnKkHzn\/vrJP4KsK6xWl1nEQQS0krVelNTeFTKh0tnRqveIdWUW5s1UJu74UubGaXppMBblM6H0lAvb9VPCMBydxyEvCq6AwvZi\/TAktO3R\/ysg3bogQxPtKMvBgwGcqr2og4Zgouw8vXhDwxCnJg8drRAhX39aru0AfU8wRQOGZraYaNn188sXeF1oZ5K2b8XO5nzA0bXxh11bY6oUBRlVLhkj45tn2Yv0zyo0YI87AW8Db+2qTS62xC9EiAzia7T5uF+ufUXjaO59ru14ldC6c1UCLP0ljbmbS4cl6pTk3MPwK7SXMfocYAJM6p3AF\/wOYOILXF2+u6Js3zQ1vvqJvLyffTV5eJCg8PMhimhZKxn5IbYHCeG1hs0mQq+owkjrDd6H71KnQZFwQQwIDdwbP6+J7hKtg2XOEiJ+dcTAV2MNNU82rAlWGw5T+40c0G8O2xF+Ror+43ditzgYIn8Mp5VFQdBGMotALm4pppYVykZ\/eycA9DgrQzCPMIexcXZaED2hhcgBWxH64CKQVgUmCyyGMyLlZBL\/hKXQGP7iV+E7PQXimjQITe4MHSTSB44VF9LDqyc5mKlVSx6I3iwptv4kXQKB8QJrYJsdKmCX4oGI\/bnYxG9bDBgNx0LjjZ2LqFP+4P5FvK6ey+Cb7xctmuhL2BXnnzk2VS5GuetI3PsVuYRpOVfCPPj8eHPSe0DcwV+IZMCprc2MSGhpZ\/sOmGI\/M1JdPfnv1cIz17Or8z72T0WHbpyhL1nlb\/i9kZcCru2Q1HD4UQW39Gx0fLvu9wWH08B4rHR7usNJoePKArPSb9xMWD0FFW+MD0BwYJdoePAzNbW0fjY6X\/f6wNo7FgxpHRobL\/vBgFK3z6mHNH4yOloPe4XFtHqsHNX\/X89Q\/6p38N\/ZHi+2wf1xt2H8zlFe1NPYYa7WI8LW3kAxGkSFzJ8q5Yr7JMPRCaVBdivkHb1M5t8HS49ei0nRVZRCnG5u\/ouk908j3\/snJcB\/wHxh9gHALmNSRti9uIGhoAnDBfpDQFEgBpAaLApcZsb\/WwH4ZyeBKOhfNgVcwx5GgKqPSBsEiateUi1tKkb4TOTAAiMd3OfnWKlOL\/OepxZOv4jkkFWGUURfU6sHTmWT+nriIw+whZahObcdbfqxKvf5UNNGhVL0OPee3EFRFRPKsslAPxoCa2s3f+sNlkosAjXE+lwugkXQdeibLSnlY6Y+aK7a0yiWBXIm8WurKs4secWMXqGAWA0WubKpiLB7S5ZVQvlZuHClg3ILA1TbX0As3U+k8iEegQKmupjQDaUHXcPUj0Xk2Dp8ll71cf9KsydK5iayyx33wS85gYZdGvmlKCx5j2q7pzbMCscylaLP9Jl\/9OtLUtmdQebWvGzq8rExt8JU1tr5+2ygX4G9WRCRM3VtshZmJhUWt6DY+3Evanaq9SyDS26GxLE5hdkeLQrIG9OMMpq0DjbCgSOjrcRc7HSSDZAmJTa\/xldZ8WwYWeJQhCgtJxibXH+gc3E+WvzYhmOJp7lholvo79ipUmbL0pTDyXdIUJzojeeqmVWhsz5Rpjm8\/Tvkibs\/zHRDh3d\/xWFVuiuxANj839Wd5nSROb6pKCd2GdPJF5zKqMhfnfqeYVrm6giz1lGsuP3PotBj6JIBNEzpz1TKK1OS2tvc9E2vOKiMe4GuKbQnRqR5C0NGLkyNe8IFJGuBtR6VoktfSQXPhwo708Xiy+yGiTBu\/qqirv52vV+u\/hmZWWf7ylBh4xF8o\/AWDwVFhgwqcwrMX\/WEtHP8N\" \/><\/form> \t<div class=\"pdf24Plugin-cp-link\"> \t\t<a href=\"#\" onclick=\"var pdf24Win = window.open('about:blank', 'pdf24PopWin', 'resizable=yes,scrollbars=yes,width=600,height=250,left='+(screen.width\/2-300)+',top='+(screen.height\/3-125)+''); pdf24Win.focus(); document.pdf24Form0.submit(); if(typeof pdf24OnCreatePDF === 'function'){void(pdf24OnCreatePDF(this,pdf24Win));} return false;\">TELECHARGER L\\'ARTICLE AU FORMAT PDF<\/a> \t<\/div> <\/div>","protected":false},"excerpt":{"rendered":"<p>R\u00e9sidence mars &gt; avril 2022 \u00e0 Barcelone. Dans le cadre de la r\u00e9sidence crois\u00e9e en partenariat avec Homesession Barcelone. Avec le soutien de la R\u00e9gion Auvergne-Rh\u00f4ne-Alpes et l\u2019Institut Ramon Llull. Floraine Sint\u00e8s, Looking for Zara. 26 et 27 Avril, Homesession &hellip; <a href=\"http:\/\/www.art-3.org\/art-contemporain\/residence-floraine-sintes.php\">Continuer la lecture <span class=\"meta-nav\">&rarr;<\/span><\/a><\/p>\n","protected":false},"author":1,"featured_media":0,"comment_status":"closed","ping_status":"closed","sticky":false,"template":"","format":"standard","meta":{"footnotes":""},"categories":[29,49],"tags":[],"class_list":["post-5754","post","type-post","status-publish","format-standard","hentry","category-archives-des-expositions","category-exposition-2022"],"_links":{"self":[{"href":"http:\/\/www.art-3.org\/art-contemporain\/wp-json\/wp\/v2\/posts\/5754","targetHints":{"allow":["GET"]}}],"collection":[{"href":"http:\/\/www.art-3.org\/art-contemporain\/wp-json\/wp\/v2\/posts"}],"about":[{"href":"http:\/\/www.art-3.org\/art-contemporain\/wp-json\/wp\/v2\/types\/post"}],"author":[{"embeddable":true,"href":"http:\/\/www.art-3.org\/art-contemporain\/wp-json\/wp\/v2\/users\/1"}],"replies":[{"embeddable":true,"href":"http:\/\/www.art-3.org\/art-contemporain\/wp-json\/wp\/v2\/comments?post=5754"}],"version-history":[{"count":3,"href":"http:\/\/www.art-3.org\/art-contemporain\/wp-json\/wp\/v2\/posts\/5754\/revisions"}],"predecessor-version":[{"id":5785,"href":"http:\/\/www.art-3.org\/art-contemporain\/wp-json\/wp\/v2\/posts\/5754\/revisions\/5785"}],"wp:attachment":[{"href":"http:\/\/www.art-3.org\/art-contemporain\/wp-json\/wp\/v2\/media?parent=5754"}],"wp:term":[{"taxonomy":"category","embeddable":true,"href":"http:\/\/www.art-3.org\/art-contemporain\/wp-json\/wp\/v2\/categories?post=5754"},{"taxonomy":"post_tag","embeddable":true,"href":"http:\/\/www.art-3.org\/art-contemporain\/wp-json\/wp\/v2\/tags?post=5754"}],"curies":[{"name":"wp","href":"https:\/\/api.w.org\/{rel}","templated":true}]}}