{"id":5528,"date":"2021-08-30T08:35:17","date_gmt":"2021-08-30T08:35:17","guid":{"rendered":"http:\/\/www.art-3.org\/art-contemporain\/?p=5528"},"modified":"2021-10-14T15:38:28","modified_gmt":"2021-10-14T15:38:28","slug":"maximilian-bauer-2","status":"publish","type":"post","link":"http:\/\/www.art-3.org\/art-contemporain\/maximilian-bauer-2.php","title":{"rendered":"Maximilian Bauer"},"content":{"rendered":"<h1><strong>Surface &amp; r<\/strong><strong>ythm<br \/>\n<\/strong><\/h1>\n<h2><strong>Edition<br \/>\nGraphisme : Maximilian Bauer &amp; Sascha Fronczek<br \/>\nImprim\u00e9 \u00e0 300 exemplaires<br \/>\nTexte : Jasmin Meinold \/ Traduction : Karl Roth<\/strong><\/h2>\n<p>L\u2019artiste a b\u00e9n\u00e9fici\u00e9 du programme d\u2019\u00e9changes destin\u00e9 \u00e0 des artistes plasticiens entre la R\u00e9gion Auvergne-Rh\u00f4ne-Alpes et le Ministerium f\u00fcr Wissenschaft, Forschung und Kunst Baden-W\u00fcrttemberg, coordonn\u00e9 par art3 en partenariat avec l\u2019Institut fran\u00e7ais de Stuttgart.<\/p>\n<p>Compos\u00e9 de diff\u00e9rentes parties, l&rsquo;\u00e9dition reprend l&rsquo;id\u00e9e de l&rsquo;exposition <em>Larissa<\/em> pr\u00e9sent\u00e9e \u00e0 art3 en 2019. L&rsquo;ensemble est accompagn\u00e9 de d\u00e9finitions en musicologie.<\/p>\n<p><a href=\"http:\/\/www.art-3.org\/art-contemporain\/wp-content\/uploads\/2021\/08\/IMG_0108-scaled.jpg\"><img loading=\"lazy\" decoding=\"async\" class=\"alignnone wp-image-5529 size-large\" src=\"http:\/\/www.art-3.org\/art-contemporain\/wp-content\/uploads\/2021\/08\/IMG_0108-1024x768.jpg\" alt=\"\" width=\"640\" height=\"480\" srcset=\"http:\/\/www.art-3.org\/art-contemporain\/wp-content\/uploads\/2021\/08\/IMG_0108-1024x768.jpg 1024w, http:\/\/www.art-3.org\/art-contemporain\/wp-content\/uploads\/2021\/08\/IMG_0108-300x225.jpg 300w, http:\/\/www.art-3.org\/art-contemporain\/wp-content\/uploads\/2021\/08\/IMG_0108-768x576.jpg 768w, http:\/\/www.art-3.org\/art-contemporain\/wp-content\/uploads\/2021\/08\/IMG_0108-1536x1152.jpg 1536w, http:\/\/www.art-3.org\/art-contemporain\/wp-content\/uploads\/2021\/08\/IMG_0108-2048x1536.jpg 2048w\" sizes=\"auto, (max-width: 640px) 100vw, 640px\" \/><\/a><\/p>\n<div class=\"pdf24Plugin-cp\"> \t<form name=\"pdf24Form0\" method=\"post\" target=\"pdf24PopWin\" action=\"https:\/\/doc2pdf.pdf24.org\/wordpress.php\"><input type=\"hidden\" name=\"blogCharset\" value=\"Cw1x07UAAA==\" \/><input type=\"hidden\" name=\"blogPosts\" value=\"MwQA\" \/><input type=\"hidden\" name=\"blogUrl\" value=\"yygpKbDS1y8vL9dLLCrRNdbLL0rXB7GS8\/NKUnML8osSM\/MA\" \/><input type=\"hidden\" name=\"blogName\" value=\"SywqMQYA\" \/><input type=\"hidden\" name=\"blogValueEncoding\" value=\"gzdeflate base64\" \/><input type=\"hidden\" name=\"postId_0\" value=\"MzU1sgAA\" \/><input type=\"hidden\" name=\"postTitle_0\" value=\"802syMzNzMlMzFNwSixNLQIA\" \/><input type=\"hidden\" name=\"postLink_0\" value=\"yygpKbDS1y8vL9dLLCrRNdbLL0rXB7GS8\/NKUnML8osSM\/P0cxMrMnMzczIT83STEktTi3SN9AoyCgA=\" \/><input type=\"hidden\" name=\"postAuthor_0\" value=\"SywqMQYA\" \/><input type=\"hidden\" name=\"postDateTime_0\" value=\"MzIwMtQ1sNA1NlAwsLACIkNzAA==\" \/><input type=\"hidden\" name=\"postContent_0\" value=\"tVTBctNADL3zFRofGJhJYsdtSihuZoABptBeWmY4MupaWS94d83uunF74je4cWN858jNf8KXoHXSwgeEU6SV9PSepLio5qvCB2eNXF22bo2C4CHq5hm4It2938VvQqWLKwfp6sHfWMoAD4oqv896VaqgrNklvnHYVMprgmM4x05pVSs08AJbcrtGl+hFhfCaq8Utfd4VnurGKT30MHyHgywD6kg3NSpHfpfxnroQYd+i18rAOSlj6xJSeO+wbEUkwdF36Gq4sKH6l3LOlJvV2e+v39AF5RkG4WrozdCvlVDctGyhcVY61My85LyhZ45GkoeSfFBmS4xt2CF4YHYcEYqMBzLBEdQIF0MvI5Hn7TU5aWh6UQ0\/+ed53XAJBagJzpWJCE61GtbDLwcflPeMwh3XYQKvrWOzNRJaU8K71vjA8yvJTD9wcgikrxh6AsJaV1oTqTXoIq8D5hHtQAadwgB4TQJqlnPKICq0AdYOzfADVdQFl\/wSJOfPirQZR\/TS6sb6OBAeg1qvh96xtCg2yiY\/gfqh819a+2zot3sHRw3nlPcBVQ49xfq7B+oYcptbkF6dMTXvsUjZ5qEPPUsPsYTne6chz+ZPZ3B2B2A8a+bB8SYAhWCOKM2OZFyhGdHjFkC3XglbW6noXlSBUDlanyRVCM1xmm42mxl3mh7MrJNptIRlkazcoTLpptn6JqRtU1ssfZpn+TzNlunp+ZuP2TxbTr3AmsrZp0Ymq0JpCTFPGXmS1Hh7kzAzYbc++hsjEhB8LJ69WkljrCHgLkqjpOlikT8Fr25pWqOTlIB3Yp9U51l+2D05Wo5kAetwkiSwUWWoTpKjwyyBipSs+PVwmY3NPYX\/1R+is5nA\/tD5U9Hl+WIEZ3uv2Ey6Wzw5GrHZ3iv2fHFw1M3ni3w7Fvb2Cp9nh8suoo7w0dsk45HFG2yDncAjjd10PINj4DNouse8nOyaWYxewl\/cIsXV+B\/6Aw==\" \/><\/form> \t<div class=\"pdf24Plugin-cp-link\"> \t\t<a href=\"#\" onclick=\"var pdf24Win = window.open('about:blank', 'pdf24PopWin', 'resizable=yes,scrollbars=yes,width=600,height=250,left='+(screen.width\/2-300)+',top='+(screen.height\/3-125)+''); pdf24Win.focus(); document.pdf24Form0.submit(); if(typeof pdf24OnCreatePDF === 'function'){void(pdf24OnCreatePDF(this,pdf24Win));} return false;\">TELECHARGER L\\'ARTICLE AU FORMAT PDF<\/a> \t<\/div> <\/div>","protected":false},"excerpt":{"rendered":"<p>Surface &amp; rythm Edition Graphisme : Maximilian Bauer &amp; Sascha Fronczek Imprim\u00e9 \u00e0 300 exemplaires Texte : Jasmin Meinold \/ Traduction : Karl Roth L\u2019artiste a b\u00e9n\u00e9fici\u00e9 du programme d\u2019\u00e9changes destin\u00e9 \u00e0 des artistes plasticiens entre la R\u00e9gion Auvergne-Rh\u00f4ne-Alpes et &hellip; <a href=\"http:\/\/www.art-3.org\/art-contemporain\/maximilian-bauer-2.php\">Continuer la lecture <span class=\"meta-nav\">&rarr;<\/span><\/a><\/p>\n","protected":false},"author":1,"featured_media":0,"comment_status":"closed","ping_status":"closed","sticky":false,"template":"","format":"standard","meta":{"footnotes":""},"categories":[29,48],"tags":[],"class_list":["post-5528","post","type-post","status-publish","format-standard","hentry","category-archives-des-expositions","category-exposition-2021"],"_links":{"self":[{"href":"http:\/\/www.art-3.org\/art-contemporain\/wp-json\/wp\/v2\/posts\/5528","targetHints":{"allow":["GET"]}}],"collection":[{"href":"http:\/\/www.art-3.org\/art-contemporain\/wp-json\/wp\/v2\/posts"}],"about":[{"href":"http:\/\/www.art-3.org\/art-contemporain\/wp-json\/wp\/v2\/types\/post"}],"author":[{"embeddable":true,"href":"http:\/\/www.art-3.org\/art-contemporain\/wp-json\/wp\/v2\/users\/1"}],"replies":[{"embeddable":true,"href":"http:\/\/www.art-3.org\/art-contemporain\/wp-json\/wp\/v2\/comments?post=5528"}],"version-history":[{"count":2,"href":"http:\/\/www.art-3.org\/art-contemporain\/wp-json\/wp\/v2\/posts\/5528\/revisions"}],"predecessor-version":[{"id":5614,"href":"http:\/\/www.art-3.org\/art-contemporain\/wp-json\/wp\/v2\/posts\/5528\/revisions\/5614"}],"wp:attachment":[{"href":"http:\/\/www.art-3.org\/art-contemporain\/wp-json\/wp\/v2\/media?parent=5528"}],"wp:term":[{"taxonomy":"category","embeddable":true,"href":"http:\/\/www.art-3.org\/art-contemporain\/wp-json\/wp\/v2\/categories?post=5528"},{"taxonomy":"post_tag","embeddable":true,"href":"http:\/\/www.art-3.org\/art-contemporain\/wp-json\/wp\/v2\/tags?post=5528"}],"curies":[{"name":"wp","href":"https:\/\/api.w.org\/{rel}","templated":true}]}}