{"id":5494,"date":"2021-08-23T12:30:37","date_gmt":"2021-08-23T12:30:37","guid":{"rendered":"http:\/\/www.art-3.org\/art-contemporain\/?p=5494"},"modified":"2021-08-31T08:52:59","modified_gmt":"2021-08-31T08:52:59","slug":"sarah-degenhardt","status":"publish","type":"post","link":"http:\/\/www.art-3.org\/art-contemporain\/sarah-degenhardt.php","title":{"rendered":"Sarah Degenhardt"},"content":{"rendered":"<h2><strong>R\u00e9sidence juillet &gt; septembre 2021 \u00e0 Valence<br \/>\n<\/strong><\/h2>\n<h3><strong>L\u2019artiste b\u00e9n\u00e9ficie du programme d\u2019\u00e9changes destin\u00e9 \u00e0 des artistes plasticiens entre la R\u00e9gion Auvergne-Rh\u00f4ne-Alpes et le Ministerium f\u00fcr Wissenschaft, Forschung und Kunst Baden-W\u00fcrttemberg, coordonn\u00e9 par art3 en partenariat avec l\u2019Institut fran\u00e7ais de Stuttgart.<\/strong><\/h3>\n<p>L&rsquo;exp\u00e9rience du paysage, de la nature et de leurs influences sur les humains et sur leurs habitudes, est le terreau et l&rsquo;origine de mon travail.<br \/>\nAu cours de mon processus de travail, je les transforme en des images dens\u00e9ment r\u00e9duites qui trouvent leur traduction aussi bien dans un m\u00e9dium analogique que digital, ou combin\u00e9s et qui sont positionn\u00e9s pr\u00e9cis\u00e9ment dans l&rsquo;espace d&rsquo;exposition.<br \/>\nMes installations multim\u00e9dias, le travail avec le papier et les sculptures travaillent avec la composition architecturale de l&rsquo;espace d&rsquo;exposition, qui reste dans son \u00e9tat d&rsquo;origine et qui influe sur le travail, ou est transform\u00e9e par le travail.<br \/>\nJe ne suis pas int\u00e9ress\u00e9e par des images surcharg\u00e9es.<br \/>\nJe veux \u00e9tablir un \u00ab\u00a0champ\u00a0\u00bb entre mon travail et le spectateur, une tension concentr\u00e9e cr\u00e9\u00e9 par des compositions minimales, lentes et pr\u00e9cises, invasives et intenses.<br \/>\nPour trouver cet \u00e9lan, une part essentielle de mon travail consiste \u00e0 trouver le bon rythme dans la composition de la ligne\/coupure\/mouvement\/son.<br \/>\nLa salle, la spatialit\u00e9, les points de r\u00e9f\u00e9rence et quand tout converge, ce sont les \u00e9l\u00e9ments et les moments qui m&rsquo;int\u00e9ressent constamment.<br \/>\nA l&rsquo;\u00e9poque d&rsquo;une masse de possibilit\u00e9s illimit\u00e9es et d&rsquo;une offre exc\u00e9dentaire, chaque individu doit s&rsquo;appuyer sur ses propres d\u00e9cisions et responsabilit\u00e9s. Cela d\u00e9termine le \u00ab\u00a0Zeitgesit\u00a0\u00bb (esprit du temps) de ma et future g\u00e9n\u00e9ration. Comment s&rsquo;orienter, quand les points de r\u00e9f\u00e9rence s&rsquo;inclinent, s&rsquo;infl\u00e9chissent, se brouillent, et que tout est en constant changement.<br \/>\nLe changement et l\u2019ambigu\u00eft\u00e9 comme un \u00e9tat central permanent, telles sont pour moi les caract\u00e9ristiques de notre temps et constituent une part substantielle de ma r\u00e9flexion et motivation pour mon travail artistique.<\/p>\n<p><a href=\"http:\/\/www.art-3.org\/art-contemporain\/wp-content\/uploads\/2021\/08\/dagenhardt-marfa.png\"><img loading=\"lazy\" decoding=\"async\" class=\"alignnone wp-image-5497 size-full\" src=\"http:\/\/www.art-3.org\/art-contemporain\/wp-content\/uploads\/2021\/08\/dagenhardt-marfa.png\" alt=\"\" width=\"444\" height=\"533\" srcset=\"http:\/\/www.art-3.org\/art-contemporain\/wp-content\/uploads\/2021\/08\/dagenhardt-marfa.png 444w, http:\/\/www.art-3.org\/art-contemporain\/wp-content\/uploads\/2021\/08\/dagenhardt-marfa-250x300.png 250w\" sizes=\"auto, (max-width: 444px) 100vw, 444px\" \/><\/a> <a href=\"http:\/\/www.art-3.org\/art-contemporain\/wp-content\/uploads\/2021\/08\/degenhardt-blue.png\"><img loading=\"lazy\" decoding=\"async\" class=\"alignnone wp-image-5498 size-full\" src=\"http:\/\/www.art-3.org\/art-contemporain\/wp-content\/uploads\/2021\/08\/degenhardt-blue.png\" alt=\"\" width=\"411\" height=\"566\" srcset=\"http:\/\/www.art-3.org\/art-contemporain\/wp-content\/uploads\/2021\/08\/degenhardt-blue.png 411w, http:\/\/www.art-3.org\/art-contemporain\/wp-content\/uploads\/2021\/08\/degenhardt-blue-218x300.png 218w\" sizes=\"auto, (max-width: 411px) 100vw, 411px\" \/><\/a><\/p>\n<p>Sarah Degenhardt Marfa, 2019. Plasticine, construction en bois<br \/>\nLe mat\u00e9riau de d\u00e9part du travail de Marfa est une photographie d&rsquo;une architecture avec une situation d&rsquo;ombre et de lumi\u00e8re extr\u00eame. Je voulais traduire cette photo sur un autre support, qui reproduirait les informations minimales de la lumi\u00e8re et de l&rsquo;ombre, mais qui attirerait encore plus l&rsquo;attention sur les contours. En la transposant sur un support en trois dimensions, l&rsquo;orientation correcte de la photo originale n&rsquo;a plus d&rsquo;importance. A chaque perspective, le contact de l&rsquo;image est r\u00e9organis\u00e9.<\/p>\n<p>Sarah Degenhardt, Blue room 2017-18. Installation 3 vid\u00e9os, projection sur le mur, son (10mn en boucle).<br \/>\nL\u2019installation vid\u00e9o Blue Room consiste en trois projections vid\u00e9o, projet\u00e9es directement au mur avec du son cr\u00e9\u00e9 en collaboration avec Manuel S\u00e9kou. Les formes bleues se glissent dans le noir, en sugg\u00e9rant aussi une surface plate ou une perspective. Dans l\u2019installation, nous nous trouvons dans un espace d\u00e9termin\u00e9 par les formes bleues ouvrant de nouveaux espaces, ou nous mettant face \u00e0 une surface bleue ferm\u00e9e. Est-ce un horizon que nous voyons, ou un bord solide couch\u00e9 devant nous ? Regardons-nous une image plate ou des murs construits dans l\u2019espace ? Le pli de l\u2019espace-structure dans lequel nous sommes attir\u00e9s sous-tend ses propres r\u00e8gles qui se reconstruisent en permanence . Si tout change constamment avec cette sorte de lente consistance et le temps qui semble d\u00e9former l\u2019espace, qu\u2019est-ce qui reste comme r\u00e9f\u00e9rence ?<\/p>\n<div class=\"pdf24Plugin-cp\"> \t<form name=\"pdf24Form0\" method=\"post\" target=\"pdf24PopWin\" action=\"https:\/\/doc2pdf.pdf24.org\/wordpress.php\"><input type=\"hidden\" name=\"blogCharset\" value=\"Cw1x07UAAA==\" \/><input type=\"hidden\" name=\"blogPosts\" value=\"MwQA\" \/><input type=\"hidden\" name=\"blogUrl\" value=\"yygpKbDS1y8vL9dLLCrRNdbLL0rXB7GS8\/NKUnML8osSM\/MA\" \/><input type=\"hidden\" name=\"blogName\" value=\"SywqMQYA\" \/><input type=\"hidden\" name=\"blogValueEncoding\" value=\"gzdeflate base64\" \/><input type=\"hidden\" name=\"postId_0\" value=\"MzWxNAEA\" \/><input type=\"hidden\" name=\"postTitle_0\" value=\"C04sSsxQcElNT83LSCxKKQEA\" \/><input type=\"hidden\" name=\"postLink_0\" value=\"yygpKbDS1y8vL9dLLCrRNdbLL0rXB7GS8\/NKUnML8osSM\/P0ixOLEjN0U1LTU\/MyEotSSvQKMgoA\" \/><input type=\"hidden\" name=\"postAuthor_0\" value=\"SywqMQYA\" \/><input type=\"hidden\" name=\"postDateTime_0\" value=\"MzIwMtQ1sNA1MlYwNLIysLAyNgcA\" \/><input type=\"hidden\" name=\"postContent_0\" value=\"tVjNjhy3Eb77KYg5GBIwPzu7kr22RyvIcQI4WQGGBMRAbpxuTjcVNtniz+yuTnmN3HSLJznkkltyUr9JniRfFdkzrXWcXFYHrbrZZFWx6quqr2bTnl9tQvTONlevhkPQtbKVEm+SNkZF8XkTvxFB9VF1W6\/E+dn5Wgzvxe+loW2brRerq882qyJgs4K0zzbtxVHk9b\/\/9Gfpow5Rie1wsMNhpyutRJ1E713jZdfhBZuGQ9VK26ggahWixkbSg2dRjgfRG4kvOG2DUDbCHCMFbG60s+JF2ivfWLV41Q7\/wH8vTI8juIFR4qW2JMHr1Ind8C8vftQhQAo07uJc\/MZ5PCbbiGRr8btkQxTfSvhh8SM2R7o6RM9F5ZyvnSXTeunJrgvYQc9RWem1jELuVSUMrvM9hOiYoth5aYe\/SE33Eq+xEhvsX05ddgGX9VfXn\/vwNrlv1G0\/HLzmKJCX5F2QjZrTcVzXyphwcdyL3lXyQWi7M4m2BxGSx2IQbeqktnz9vET7WrmFRfDoXMDD5Be4xCuZ2EtFu\/O60VaR9A5ejV7upTbLEugXCU4gWeUzQgi1IfFC2TsXbxQbgXcbds4jwPASRVJ3MgfYhuHQIYTCD4c6aQru26RxwiGKNrLBdL5OVaTgyhSCFltNciAUcRIdTlI8pZXGNfptUoL+1TA\/ShjhyNRuS0BiP5D84CC7d0GTUP7Qw4BKj9aw7NETKvSSQnAKSzk4OuMl3QhhlsZIWg+iSyZqNkzCyebokgILhWD2WvmMSkSrSqancIZxoyEr8mZJ5o8qgbWqhZsq7Ebmcez\/n5lzvjKEI\/P4Yri9GA4RKK3vBbu4JwOpIOYUTniS8HIM53BQjP\/TntEjv1XC0nmAvZfknAgkAx\/jiQkGoATZ5xt8CpPje5Vu2cit0Z7C\/OFvH95jY9d\/eP\/hnyXrJ8AsCR56uEZGoGaOQwRsG8htlUNa4AwZUOFvyVyyY+JdBA4FooNjOWo25sJRsEGL2u5l0Pu8jmtB\/MnsHxyDlaDrRYUNw8FImw2h2gDvodhErYy5n1dkYODaiFo3isCuLbb4u9h2JXT30JBLgdEodyvkYw8IrTo6TChehRNEr6UIgCeqB\/YDKFFLoxGUOeOvd7gKpy5uuqNQUc1hMEgUwuhQvmAg1VVIwCfOHzqJG+aUCSOWO5dfCUddgdcx\/oRqummkam\/jsZocQTwcesfZW97JdZ3EQTIO1w56q9lw4McY3dFjDsb0hNvtqDTeVshAqJHak9mtJMna1nqvUU9rp1EUyynZ9+kOLifIB\/KIdz2lY82RZ2hAB1Z6PMrRhqX4lYI\/sQkFtKMEQsgIqH9QOgLcOjJYH+GYhzIoRQvpw2MOviSJu8RVvOGG6Ll6QKhj7xyNc9QEoGFe4vHLIQtHh1cG5lj0tNPSzlBr5YZH6wAXcJZLzTwHW+VQU5IrWwJFEeN+PA3YtZoscuSpu6PINmn4OzxDIAVk01hnOPekET3cJLNdkbIgjJUYbu+c5ptV0suK8IJ0oGrOl7SO8p29R+rYNPQw0n7MrpC2bO8pvyQ7x6hbyhUc61zUe3byqPKUgJlckEK05J4b8UaK1qvds1kbY\/\/1anVzc7PEtsXF0vlmRU+wg2xyHk12ddPnd2Re6o2TdVgRS1qdXa5qlDqLKlfHRSf9Ti5728yuNrprBG3Utnk2M\/Ld3QxmVy6\/y3Bnq5mowHUC3ijJrcNdoYZL5+Lpk6++FEG\/U4tdMmYmgq8+lalCmvhsNhM3uo7ts9mTJ09molW6abH69OKCdQcVP5F6AX03c\/HgshfnT89uL87OWAeeb2bsTvJ2im4uHnXydsFX\/ppM6G8fi\/XZ2R6m8NsMmbBZySvxgDhRRwu36MAPBZPLTwCT\/2LpfZSs1xOUfPHFQ6Lk59oF1D0ISD4WvThfX54wsr78nxhZr6cYobcRI2NJeY3i1orvjjrESwLiHOPU+qul+KHMNZbaFZU4X2gvqvHW6XCqvp3kCgnKjjqH\/sMFkPpLqWZYZclcy7lCti7SlNW3+uPuOiGUKjNOWkXrSrlQHikij31l3EidHn7iFgtK9ddOLQVRNpcMjTdM19FyiQLFopkbayL+TnU8pB6BiCMxRbOlA1JnBoFOBXIp7xGykescVccp+WXr5nCLzsxDxggLWCQao8P+3qQTpcdnImK43jgoERxooFmKX1vSwyQXhIP6X7G9WE3BAEOjOU53mV4SW\/yoV2fXQa+HY1UxPTsiU23i7nY0Jts2OloTSNHHKnj1xcha0DiZ2oJ68jxB5qJLTl3A2c7xRtMD6qWlcWb5S8ibi2+J43vnOkLfl4v15VJ8P5lixIUAT4Io3A4ReqOqicMw4YCO0CDxaH3WFYCmyqjHR4oARjAdioqwrPUVaT1S3qNDT2pC2V5UZ5ZXa3Yncw4gHyZkwAL3ZEnh9cxcoHTrMp\/Ke15Km5QRr4fDH11aimuI44k0iC1mTCIiYGEmk6NCtYl1aNxS0aWbhvgZK6YJlHMkIcEqQhYGDhqOOM9OgVqK71jOPUfMIRbh5j\/M9Om24zA7DnEjoyxzivmZuTjH5jA3AuGXGJfy4cCDGovvkIC0ic3EYDG1muWIneIxDqgPKJHM2Fog9B3cRrBjKXt3xxDnGyLMvoa7ja4JhalqYWKt9qSGdz8Xr1Qj6eeRsOAFUpqxeXQUjV0d\/XpQipyOxQPkq+KC54gRTmiG+HF5kWsi1aoSpLcUVlYUiHOGnPo0IAQsLpDn9UeM3g8\/Nab8zICYA1HFBo48\/YpTOCpsWIrXukw\/zHans0uGVS5xAQmbs5x4+ghsWYYoMxLXrLLbGg4wx9NP7kblkF84EqeZPXPpKc1\/zkn9Hw==\" \/><\/form> \t<div class=\"pdf24Plugin-cp-link\"> \t\t<a href=\"#\" onclick=\"var pdf24Win = window.open('about:blank', 'pdf24PopWin', 'resizable=yes,scrollbars=yes,width=600,height=250,left='+(screen.width\/2-300)+',top='+(screen.height\/3-125)+''); pdf24Win.focus(); document.pdf24Form0.submit(); if(typeof pdf24OnCreatePDF === 'function'){void(pdf24OnCreatePDF(this,pdf24Win));} return false;\">TELECHARGER L\\'ARTICLE AU FORMAT PDF<\/a> \t<\/div> <\/div>","protected":false},"excerpt":{"rendered":"<p>R\u00e9sidence juillet &gt; septembre 2021 \u00e0 Valence L\u2019artiste b\u00e9n\u00e9ficie du programme d\u2019\u00e9changes destin\u00e9 \u00e0 des artistes plasticiens entre la R\u00e9gion Auvergne-Rh\u00f4ne-Alpes et le Ministerium f\u00fcr Wissenschaft, Forschung und Kunst Baden-W\u00fcrttemberg, coordonn\u00e9 par art3 en partenariat avec l\u2019Institut fran\u00e7ais de Stuttgart. &hellip; <a href=\"http:\/\/www.art-3.org\/art-contemporain\/sarah-degenhardt.php\">Continuer la lecture <span class=\"meta-nav\">&rarr;<\/span><\/a><\/p>\n","protected":false},"author":1,"featured_media":0,"comment_status":"closed","ping_status":"closed","sticky":false,"template":"","format":"standard","meta":{"footnotes":""},"categories":[29,48],"tags":[],"class_list":["post-5494","post","type-post","status-publish","format-standard","hentry","category-archives-des-expositions","category-exposition-2021"],"_links":{"self":[{"href":"http:\/\/www.art-3.org\/art-contemporain\/wp-json\/wp\/v2\/posts\/5494","targetHints":{"allow":["GET"]}}],"collection":[{"href":"http:\/\/www.art-3.org\/art-contemporain\/wp-json\/wp\/v2\/posts"}],"about":[{"href":"http:\/\/www.art-3.org\/art-contemporain\/wp-json\/wp\/v2\/types\/post"}],"author":[{"embeddable":true,"href":"http:\/\/www.art-3.org\/art-contemporain\/wp-json\/wp\/v2\/users\/1"}],"replies":[{"embeddable":true,"href":"http:\/\/www.art-3.org\/art-contemporain\/wp-json\/wp\/v2\/comments?post=5494"}],"version-history":[{"count":7,"href":"http:\/\/www.art-3.org\/art-contemporain\/wp-json\/wp\/v2\/posts\/5494\/revisions"}],"predecessor-version":[{"id":5536,"href":"http:\/\/www.art-3.org\/art-contemporain\/wp-json\/wp\/v2\/posts\/5494\/revisions\/5536"}],"wp:attachment":[{"href":"http:\/\/www.art-3.org\/art-contemporain\/wp-json\/wp\/v2\/media?parent=5494"}],"wp:term":[{"taxonomy":"category","embeddable":true,"href":"http:\/\/www.art-3.org\/art-contemporain\/wp-json\/wp\/v2\/categories?post=5494"},{"taxonomy":"post_tag","embeddable":true,"href":"http:\/\/www.art-3.org\/art-contemporain\/wp-json\/wp\/v2\/tags?post=5494"}],"curies":[{"name":"wp","href":"https:\/\/api.w.org\/{rel}","templated":true}]}}