{"id":5481,"date":"2021-08-24T11:56:36","date_gmt":"2021-08-24T11:56:36","guid":{"rendered":"http:\/\/www.art-3.org\/art-contemporain\/?p=5481"},"modified":"2021-08-26T14:12:45","modified_gmt":"2021-08-26T14:12:45","slug":"anaelle-vanel","status":"publish","type":"post","link":"http:\/\/www.art-3.org\/art-contemporain\/anaelle-vanel.php","title":{"rendered":"Ana\u00eblle Vanel"},"content":{"rendered":"<h2><strong>R\u00e9sidence ao\u00fbt &gt; septembre 2021 \u00e0 Barcelone<br \/>\nR\u00e9sidence crois\u00e9e art3<\/strong>|<strong>Homesession<br \/>\n<\/strong><\/h2>\n<p>&nbsp;<\/p>\n<p><i>Projet en cours, d\u00e9velopp\u00e9 en r\u00e9sidence.<br \/>\nSol in leone<br \/>\n<\/i><i><br \/>\nGerda Taro est la figure centrale de cette \u00e9dition.<\/i><i>\u00c0 travers elle et ses photographies, ce sont la bataille de Brunete, les lieux, les traces et la m\u00e9moire de cet \u00e9pisode de la guerre civile espagnole au cours duquel elle mourut, qui sont \u00e9voqu\u00e9s. L\u2019ensemble est un montage de photographies r\u00e9alis\u00e9es \u00e0 Brunete et Villanueva de la Ca\u00f1ada, Barcelone et Paris, de documents et de textes, ayants pour unit\u00e9 de temps juillet 1937.<\/i><\/p>\n<p><a href=\"http:\/\/www.art-3.org\/art-contemporain\/wp-content\/uploads\/2021\/08\/1-vanel.png\"><img loading=\"lazy\" decoding=\"async\" class=\"alignnone wp-image-5520\" src=\"http:\/\/www.art-3.org\/art-contemporain\/wp-content\/uploads\/2021\/08\/1-vanel-1024x719.png\" alt=\"\" width=\"400\" height=\"281\" srcset=\"http:\/\/www.art-3.org\/art-contemporain\/wp-content\/uploads\/2021\/08\/1-vanel-1024x719.png 1024w, http:\/\/www.art-3.org\/art-contemporain\/wp-content\/uploads\/2021\/08\/1-vanel-300x211.png 300w, http:\/\/www.art-3.org\/art-contemporain\/wp-content\/uploads\/2021\/08\/1-vanel-768x539.png 768w, http:\/\/www.art-3.org\/art-contemporain\/wp-content\/uploads\/2021\/08\/1-vanel.png 1354w\" sizes=\"auto, (max-width: 400px) 100vw, 400px\" \/><\/a><\/p>\n<p><a href=\"http:\/\/www.art-3.org\/art-contemporain\/wp-content\/uploads\/2021\/08\/2-vanel.png\"><img loading=\"lazy\" decoding=\"async\" class=\"alignnone wp-image-5521\" src=\"http:\/\/www.art-3.org\/art-contemporain\/wp-content\/uploads\/2021\/08\/2-vanel-1024x720.png\" alt=\"\" width=\"400\" height=\"281\" srcset=\"http:\/\/www.art-3.org\/art-contemporain\/wp-content\/uploads\/2021\/08\/2-vanel-1024x720.png 1024w, http:\/\/www.art-3.org\/art-contemporain\/wp-content\/uploads\/2021\/08\/2-vanel-300x211.png 300w, http:\/\/www.art-3.org\/art-contemporain\/wp-content\/uploads\/2021\/08\/2-vanel-768x540.png 768w, http:\/\/www.art-3.org\/art-contemporain\/wp-content\/uploads\/2021\/08\/2-vanel.png 1354w\" sizes=\"auto, (max-width: 400px) 100vw, 400px\" \/><\/a><\/p>\n<p><a href=\"http:\/\/www.art-3.org\/art-contemporain\/wp-content\/uploads\/2021\/08\/3-vanel.png\"><img loading=\"lazy\" decoding=\"async\" class=\"alignnone wp-image-5522\" src=\"http:\/\/www.art-3.org\/art-contemporain\/wp-content\/uploads\/2021\/08\/3-vanel-300x211.png\" alt=\"\" width=\"400\" height=\"281\" srcset=\"http:\/\/www.art-3.org\/art-contemporain\/wp-content\/uploads\/2021\/08\/3-vanel-300x211.png 300w, http:\/\/www.art-3.org\/art-contemporain\/wp-content\/uploads\/2021\/08\/3-vanel-1024x720.png 1024w, http:\/\/www.art-3.org\/art-contemporain\/wp-content\/uploads\/2021\/08\/3-vanel-768x540.png 768w, http:\/\/www.art-3.org\/art-contemporain\/wp-content\/uploads\/2021\/08\/3-vanel.png 1354w\" sizes=\"auto, (max-width: 400px) 100vw, 400px\" \/><\/a><\/p>\n<p><a href=\"http:\/\/www.art-3.org\/art-contemporain\/wp-content\/uploads\/2021\/08\/4-vanel.png\"><img loading=\"lazy\" decoding=\"async\" class=\"alignnone wp-image-5523\" src=\"http:\/\/www.art-3.org\/art-contemporain\/wp-content\/uploads\/2021\/08\/4-vanel-1024x720.png\" alt=\"\" width=\"400\" height=\"281\" srcset=\"http:\/\/www.art-3.org\/art-contemporain\/wp-content\/uploads\/2021\/08\/4-vanel-1024x720.png 1024w, http:\/\/www.art-3.org\/art-contemporain\/wp-content\/uploads\/2021\/08\/4-vanel-300x211.png 300w, http:\/\/www.art-3.org\/art-contemporain\/wp-content\/uploads\/2021\/08\/4-vanel-768x540.png 768w, http:\/\/www.art-3.org\/art-contemporain\/wp-content\/uploads\/2021\/08\/4-vanel.png 1355w\" sizes=\"auto, (max-width: 400px) 100vw, 400px\" \/><\/a><\/p>\n<p><a href=\"http:\/\/www.art-3.org\/art-contemporain\/wp-content\/uploads\/2021\/08\/5-vanel.png\"><img loading=\"lazy\" decoding=\"async\" class=\"alignnone wp-image-5524\" src=\"http:\/\/www.art-3.org\/art-contemporain\/wp-content\/uploads\/2021\/08\/5-vanel-1024x719.png\" alt=\"\" width=\"400\" height=\"281\" srcset=\"http:\/\/www.art-3.org\/art-contemporain\/wp-content\/uploads\/2021\/08\/5-vanel-1024x719.png 1024w, http:\/\/www.art-3.org\/art-contemporain\/wp-content\/uploads\/2021\/08\/5-vanel-300x211.png 300w, http:\/\/www.art-3.org\/art-contemporain\/wp-content\/uploads\/2021\/08\/5-vanel-768x539.png 768w, http:\/\/www.art-3.org\/art-contemporain\/wp-content\/uploads\/2021\/08\/5-vanel.png 1354w\" sizes=\"auto, (max-width: 400px) 100vw, 400px\" \/><\/a><\/p>\n<p>Mes photographies reposent sur le principe de la raret\u00e9. Elles sont l\u2019aboutissement d\u2019une s\u00e9dimentation d\u2019exp\u00e9riences et d\u2019histoires. L\u2019image est d\u00e9positaire d\u2019une histoire qu\u2019elle enclot. Il s\u2019agit de pr\u00e9server cette histoire, le myst\u00e8re initial de la rencontre, de ne pas ab\u00eemer l\u2019objet photographi\u00e9. La mise en lumi\u00e8re n\u2019est pas destruction ; l\u2019objet ne s\u2019exhibe pas. Alors, ce que l\u2019on voit n\u2019est jamais tout ce qu\u2019il y a \u00e0 voir. L\u2019\u00e9criture est le second versant de ma pratique. L\u2019image na\u00eet entre la photographie et le texte.Le texte est un hors-champ qui creuse la photographie. Il ancre l\u2019image dans la dur\u00e9e d\u2019un r\u00e9cit, dans un avant et un apr\u00e8s entre lesquels l\u2019image est prise. Le texte permet aussi d\u2019ouvrir la trace, le document \u00e0 la fiction : l\u2019histoire et le mythe sont les couches successives d\u2019un m\u00eame palimpseste. Ce qui m\u2019importe, c\u2019est le devenir de l\u2019histoire enclose par la photographie. La photographie ne t\u00e9moigne pas d\u2019un pass\u00e9 univoque et fig\u00e9, celui-ci est pris dans un r\u00e9seau de sens qui le d\u00e9passe. Le r\u00e9el reste \u00e0 d\u00e9chiffrer, toujours ambigu. Tout pass\u00e9 relat\u00e9 nous assigne une t\u00e2che pour \u00e9tayer toujours plus largement notre projet pr\u00e9sent. Il n\u2019y a pas de s\u00e9rie, pas de centre, pas de d\u00e9but ni de fin. Chaque ensemble de photographies et de textes est fix\u00e9 au moment de l\u2019exposition. La mise en espace est le moment de r\u00e9alisation du r\u00e9cit. Le r\u00e9cit na\u00eet du rapprochement de r\u00e9alit\u00e9s \u00e9loign\u00e9es et h\u00e9t\u00e9rog\u00e8nes. Alors, les images deviennent poreuses.<br \/>\nCes ensembles se d\u00e9veloppent horizontalement comme un territoire nouveau sur une car te. Les images se font \u00e9chos, s\u2019attirent, tropismes muet s, comme ceux qui guident la croissance d\u2019une plante.<\/p>\n<p><a href=\"http:\/\/www.art-3.org\/art-contemporain\/wp-content\/uploads\/2021\/08\/vanel-commune.png\"><img loading=\"lazy\" decoding=\"async\" class=\"alignnone wp-image-5482 size-large\" src=\"http:\/\/www.art-3.org\/art-contemporain\/wp-content\/uploads\/2021\/08\/vanel-commune-1024x656.png\" alt=\"\" width=\"640\" height=\"410\" srcset=\"http:\/\/www.art-3.org\/art-contemporain\/wp-content\/uploads\/2021\/08\/vanel-commune-1024x656.png 1024w, http:\/\/www.art-3.org\/art-contemporain\/wp-content\/uploads\/2021\/08\/vanel-commune-300x192.png 300w, http:\/\/www.art-3.org\/art-contemporain\/wp-content\/uploads\/2021\/08\/vanel-commune-768x492.png 768w, http:\/\/www.art-3.org\/art-contemporain\/wp-content\/uploads\/2021\/08\/vanel-commune.png 1104w\" sizes=\"auto, (max-width: 640px) 100vw, 640px\" \/><\/a> <a href=\"http:\/\/www.art-3.org\/art-contemporain\/wp-content\/uploads\/2021\/08\/vanel-malevitch.png\"><img loading=\"lazy\" decoding=\"async\" class=\"alignnone wp-image-5483 size-full\" src=\"http:\/\/www.art-3.org\/art-contemporain\/wp-content\/uploads\/2021\/08\/vanel-malevitch.png\" alt=\"\" width=\"1103\" height=\"712\" srcset=\"http:\/\/www.art-3.org\/art-contemporain\/wp-content\/uploads\/2021\/08\/vanel-malevitch.png 1103w, http:\/\/www.art-3.org\/art-contemporain\/wp-content\/uploads\/2021\/08\/vanel-malevitch-300x194.png 300w, http:\/\/www.art-3.org\/art-contemporain\/wp-content\/uploads\/2021\/08\/vanel-malevitch-1024x661.png 1024w, http:\/\/www.art-3.org\/art-contemporain\/wp-content\/uploads\/2021\/08\/vanel-malevitch-768x496.png 768w\" sizes=\"auto, (max-width: 1103px) 100vw, 1103px\" \/><\/a><\/p>\n<p>22 mai 1871, <em>Commune de Paris<\/em>, deuxi\u00e8me jour de la \u00ab Semaine sanglante \u00bb, H\u00f4tel Cail, Paris, 8e arrondissement. Tirage argentique, 22 x1 8 cm, encadrement 44 x 36 cm, texte transf\u00e9r\u00e9 au mur, 2018 (exposition <em>Agir, je viens<\/em>, collection CNAP, Paris).<br \/>\n1935, <em>la tombe de Malevitch<\/em>, 2018<br \/>\nTirage argentique, 22 x1 8 cm, encadrement 44 x 36 cm, texte transf\u00e9r\u00e9 au mur, 2018 (exposition <em>Agir, je viens<\/em>, collection CNAP, Paris).<\/p>\n<p><a href=\"http:\/\/www.art-3.org\/art-contemporain\/wp-content\/uploads\/2021\/08\/BIO-Anae\u0308lle-Vanel.doc\">BIO-Anae\u0308lle Vanel<\/a><\/p>\n<div class=\"pdf24Plugin-cp\"> \t<form name=\"pdf24Form0\" method=\"post\" target=\"pdf24PopWin\" action=\"https:\/\/doc2pdf.pdf24.org\/wordpress.php\"><input type=\"hidden\" name=\"blogCharset\" value=\"Cw1x07UAAA==\" \/><input type=\"hidden\" name=\"blogPosts\" value=\"MwQA\" \/><input type=\"hidden\" name=\"blogUrl\" value=\"yygpKbDS1y8vL9dLLCrRNdbLL0rXB7GS8\/NKUnML8osSM\/MA\" \/><input type=\"hidden\" name=\"blogName\" value=\"SywqMQYA\" \/><input type=\"hidden\" name=\"blogValueEncoding\" value=\"gzdeflate base64\" \/><input type=\"hidden\" name=\"postId_0\" value=\"MzWxMAQA\" \/><input type=\"hidden\" name=\"postTitle_0\" value=\"c8xLPLw6JydVISwxLzUHAA==\" \/><input type=\"hidden\" name=\"postLink_0\" value=\"yygpKbDS1y8vL9dLLCrRNdbLL0rXB7GS8\/NKUnML8osSM\/P0E\/MSU3NyUnXLEvNSc\/QKMgoA\" \/><input type=\"hidden\" name=\"postAuthor_0\" value=\"SywqMQYA\" \/><input type=\"hidden\" name=\"postDateTime_0\" value=\"MzIwMtQ1sNA1MlEwNLQysLAyNgMA\" \/><input type=\"hidden\" name=\"postContent_0\" value=\"zVnLjuPGFd37KwpaGDagFympu2dG08BMI4gNjJNBbHhfoqrJapBVnHqo1QMvvMwvZGdkNUoAAwGy887c5ivyJTm3itSj2\/GKsmclFlm899a5p4r3Hi2L9HppndEqv\/5Ls7NyLVQmGNfNT459mrsXzIraiWplBEunacKaH9hrbjJRaiWWK8Mm158cvZcZLW2zgwHjZstJa\/i7zsMXuhJWWCu1at\/dz1lOEMkny\/r6U7Wy9YvlpA6jpbx+a\/SdcEwolmlv7JCtm90G\/uu62dFds3c\/bo1+rUsmFSvFIcblRJKtdvRHYdacfcONZsI6VnJ2K3OPJWZCOcNLwdZ07ZxgzW4tHeIdtxaa7xlmbISxTJSYiMiwIlYX2unc8LqQAiECCqtVsLzijssymnxtvBJODBGaZaUUfhsvYTHDjwgvVM2u0tJ0MSCCWlq9DmM8zr0wFKncSHJva54rjSvuIz5s7d95UcboKtzxbsjeeRkDAnT6nQdiY\/bmv9\/\/TSiL3AY7jnmF+crxPLg6WRGBzMuQWhsoEBdCEX+LxXHlxYa3Ad7w5l98zYcHntC0t9xIyh1s68xXwDmsF2Mnto4w4w+cbtYIGaFIh+yGp1Vt2Z0nCB1Lns0uYyY6fnBWGHH7clA4Vz+fTO7v78fg3mg21iaf0FWGJcGGNlyqyX0dx8pNfF1qvrYTYvVkejVJRhuuRDmuVT5Aoquc0XOp8peDkr9\/GCCYTMcxtw8qG7Cs5NZiVMpcKVomrMsK8I0Wi3Q6YNZk\/cU1SqbpfHuZPAsBMl66l4MBu5drV7wczKdwVwiZF7ibXiXBtxXuTO4ZDe6HrDfjs+l0myZJsI3rPk1fXlxtF7MYNq57NB2RmC3m94BbvhdEBe\/0kH1W8e0oZOY5Q2bq7ecAbLqB6zAa4ARaTvgZKJz2S+GkLwqnJxxKp78xhX\/JfW8UTs9H4fSYwvNpnxROP1YKz\/qlcNoXhWdP0\/wbMnh2PpLNzrk5Zudj8OxjZfC8XwbP+mLw\/Pc9hOfn5Nn8fPtjfj4Kz08pvPhoKLzol8Lzvii8+H1L4cU5S+HF+Si8OF8pvOj3FP7qcSfNjKi1hWdm0RWiT62NVJmsu2bYcCPQKI7ZH0rqo2PPjb6Wr7R30qK5pXfXuIN+lVlq5ukOp44+3BbbutkZSepB7Edxr5DWUQPe9siBx6FBXqMV11ain6fuvDXazUaPTfaCJqCyUrsx+7JkloLJZWh0a1IqhNkI02oL3askArDqwbrmA+xI9L6Sl90KYQyrokm4AX81t4yvmh8rmKGl6hWpI0eoERxvOKukpUhY6SsZ7CoKD6sgA2tcGJ8FGF4cmSGQAiqFXAVXY\/aq1CYqGu+8iFMV22gsqTN4xysuLXOAPE4j0Er2wDhJBZhqIpDNLjPSkcwSRBe4wjGi1ozEFK4CRBUHSsgOXB2Dr3jzIylAgIEwOaZIEE1aEWH8pr3o5IwCoY+ygld1UEAyI7x9YiHkiavMxNVFj2uuLE1ce0NyVkw2qSCZdMP4FGO+obhF8MWR3g+2C1JYEmHskcUAvUFSsLAuzFqYCm9zb60MPrTfGGnIcZCEAjE6vYTADEpVTNvzYHvPvghD9eCKTnoCoTPts4L2hc8ykt02uG6XUjX\/qCjDpaxqi9gQ1o0IKFUhZOx9EqqyNsdBv9oIheDW4pFnYrslW+YptG8eZQsEc0Hfylsqt+HgEruTdB\/Sp8JybmXe7Ih4pZejTO4B3KMfthP3FBCOCBuCpzixS2Et4kzZK7GJLEl5P9CzrJC3t0aYIRH2LihmvFrJ3I\/ZN8TgNhIjSk4SlNIeE4AdBexD+H8HplGmanaOP2Af7i3VpSfamDwePEoTGeooYMbtr+K5QHuHNkjcjHQy4RAadsMgQx6GiHqFyJSkwa1USFXBA0qdfPdErzuW1gJyt3KL1QCtSsczMWYR5x+daCRwHh8aJCtm+316eKWVAdvz07cbokM6o0MhbFV6xGssHFCdvgtMLXAriQFBTUSkBXAEADpvPihxOHKIwWHvEAgbnNGKLIGYtIttJ\/bekI0WBzBdHORhmo0TQL4nUbOMcWS6qiiPgMbgMAoERoo3xCMbhEegDyK7QJ+9f5i9jfJpVmiEFo515\/C2wnHgjK6lrTCv8qQHD1s3mfDbwMrck0Ad1N2gkOO4yw5fkLrEKSLG\/ddx8bNPscBNP9Xc\/CoNX\/hRIHlfhd1JoLG+ulhc\/FJ5dzE\/Ku\/mybTH8u7\/B9FbkXfqgkq95FnaZ6l36oAKvnnroKeC7wmlWJJMf7XsQ8aOyr4w6so+1jfVK2zzjXRZ0RfZZ5Hst74s++X6aaSPSA5IZweWXyZp7yw\/cU8pnPVHjr3tluDz\/gl+cBG36UVyhm16cBL30cV+H\/0K2wnKI7rH4eM2J01R6EqWXF0mQ7YU1fVN3E\/0lQz\/ky0nuEkFv9+idseXhKqLtiH4+Z\/sa4HXqVTnKg\/fDvbzT0P2RfNvh1rnhsty2P3ddkX\/xBoU2V0vhCJHGipH6fhWodAeMsSzTdgVy6ohVXN8beLHcj5nWza7CPdjwYqqVNlbfKvbWsKjjEqnyRX77FBIhBW9yiUe3QlG3+1uPZlGdxSr15s\/vXrbRvl59yVPns0WEQ+qf3W1CoB81aWhNULu2hc+xqX0\/hF\/\/eWfR68UF\/\/5KzyOvg3tNlqCwfXJAxYe7En2Pw==\" \/><\/form> \t<div class=\"pdf24Plugin-cp-link\"> \t\t<a href=\"#\" onclick=\"var pdf24Win = window.open('about:blank', 'pdf24PopWin', 'resizable=yes,scrollbars=yes,width=600,height=250,left='+(screen.width\/2-300)+',top='+(screen.height\/3-125)+''); pdf24Win.focus(); document.pdf24Form0.submit(); if(typeof pdf24OnCreatePDF === 'function'){void(pdf24OnCreatePDF(this,pdf24Win));} return false;\">TELECHARGER L\\'ARTICLE AU FORMAT PDF<\/a> \t<\/div> <\/div>","protected":false},"excerpt":{"rendered":"<p>R\u00e9sidence ao\u00fbt &gt; septembre 2021 \u00e0 Barcelone R\u00e9sidence crois\u00e9e art3|Homesession &nbsp; Projet en cours, d\u00e9velopp\u00e9 en r\u00e9sidence. Sol in leone Gerda Taro est la figure centrale de cette \u00e9dition.\u00c0 travers elle et ses photographies, ce sont la bataille de Brunete, &hellip; <a href=\"http:\/\/www.art-3.org\/art-contemporain\/anaelle-vanel.php\">Continuer la lecture <span class=\"meta-nav\">&rarr;<\/span><\/a><\/p>\n","protected":false},"author":1,"featured_media":0,"comment_status":"closed","ping_status":"closed","sticky":false,"template":"","format":"standard","meta":{"footnotes":""},"categories":[29,48],"tags":[],"class_list":["post-5481","post","type-post","status-publish","format-standard","hentry","category-archives-des-expositions","category-exposition-2021"],"_links":{"self":[{"href":"http:\/\/www.art-3.org\/art-contemporain\/wp-json\/wp\/v2\/posts\/5481","targetHints":{"allow":["GET"]}}],"collection":[{"href":"http:\/\/www.art-3.org\/art-contemporain\/wp-json\/wp\/v2\/posts"}],"about":[{"href":"http:\/\/www.art-3.org\/art-contemporain\/wp-json\/wp\/v2\/types\/post"}],"author":[{"embeddable":true,"href":"http:\/\/www.art-3.org\/art-contemporain\/wp-json\/wp\/v2\/users\/1"}],"replies":[{"embeddable":true,"href":"http:\/\/www.art-3.org\/art-contemporain\/wp-json\/wp\/v2\/comments?post=5481"}],"version-history":[{"count":8,"href":"http:\/\/www.art-3.org\/art-contemporain\/wp-json\/wp\/v2\/posts\/5481\/revisions"}],"predecessor-version":[{"id":5527,"href":"http:\/\/www.art-3.org\/art-contemporain\/wp-json\/wp\/v2\/posts\/5481\/revisions\/5527"}],"wp:attachment":[{"href":"http:\/\/www.art-3.org\/art-contemporain\/wp-json\/wp\/v2\/media?parent=5481"}],"wp:term":[{"taxonomy":"category","embeddable":true,"href":"http:\/\/www.art-3.org\/art-contemporain\/wp-json\/wp\/v2\/categories?post=5481"},{"taxonomy":"post_tag","embeddable":true,"href":"http:\/\/www.art-3.org\/art-contemporain\/wp-json\/wp\/v2\/tags?post=5481"}],"curies":[{"name":"wp","href":"https:\/\/api.w.org\/{rel}","templated":true}]}}