{"id":5381,"date":"2021-04-14T08:55:22","date_gmt":"2021-04-14T08:55:22","guid":{"rendered":"http:\/\/www.art-3.org\/art-contemporain\/?p=5381"},"modified":"2021-07-07T12:52:04","modified_gmt":"2021-07-07T12:52:04","slug":"residence-de-commissaire","status":"publish","type":"post","link":"http:\/\/www.art-3.org\/art-contemporain\/residence-de-commissaire.php","title":{"rendered":"R\u00e9sidence de commissaire"},"content":{"rendered":"<h2><strong>Magalie Meunier est en r\u00e9sidence \u00e0 Leipzig.<br \/>\n1 &gt; 23.06.2021<br \/>\nEn partenariat avec Bureau Mus\u00e9al.<br \/>\n<\/strong><\/h2>\n<p>Magalie Meunier pr\u00e9sente le journal de bord de sa r\u00e9sidence \u00e0 Leipzig.<\/p>\n<p><a href=\"http:\/\/www.art-3.org\/art-contemporain\/wp-content\/uploads\/2021\/04\/Leipzig-journal-de-bord.pdf\">Leipzig-journal de bord<\/a><\/p>\n<p>&nbsp;<\/p>\n<p><span style=\"text-decoration: underline;\">Magalie Meunier<\/span><br \/>\nAvec une exp\u00e9rience de plus de 10 ans aupr\u00e8s des artistes dans<br \/>\nla r\u00e9alisation de projets, au sein d\u2019\u00e9tablissements culturels,<br \/>\nd\u2019institutions publiques, d\u2019entreprises priv\u00e9es et de galeries,<br \/>\nMagalie Meunier privil\u00e9gie les projets de production et de<br \/>\ndiffusion d\u2019oeuvres d\u2019art contemporain. Elle a ainsi d\u00e9velopp\u00e9<br \/>\nun large spectre d\u2019expertise dans l\u2019accompagnement artistique.<br \/>\nElle conseille et accompagne aussi bien les collectivit\u00e9s<br \/>\net institutions que les entreprises et les artistes dans la<br \/>\nr\u00e9alisation de leurs actions: expositions, concours et prix,<br \/>\nr\u00e9sidences, commandes publiques, priv\u00e9es ou 1%, recherches<br \/>\nde partenariats, \u00e9ditions, etc. Elle poursuit \u00e9galement<br \/>\nune activit\u00e9 ind\u00e9pendante de critique d\u2019art et de commissaire<br \/>\nd\u2019exposition.<br \/>\nSes r\u00e9f\u00e9rences : Ville de V\u00e9nissieux, Frac Nouvelle-Aquitaine<br \/>\nM\u00c9CA, Bordeaux, CDA D\u00e9veloppement, Ch\u00e2tellerault<br \/>\nUniversit\u00e9 Lyon 2, R\u00e9seau documents d\u2019artistes, Institut<br \/>\nd\u2019art contemporain, Villeurbanne, La Salle de bains, Lyon, Le<br \/>\nPlateau, Frac \u00cele-de-France, Irmavep Club, Paris, ADN Factory,<br \/>\nParis, Galerie gb agency, Paris.<\/p>\n<div class=\"pdf24Plugin-cp\"> \t<form name=\"pdf24Form0\" method=\"post\" target=\"pdf24PopWin\" action=\"https:\/\/doc2pdf.pdf24.org\/wordpress.php\"><input type=\"hidden\" name=\"blogCharset\" value=\"Cw1x07UAAA==\" \/><input type=\"hidden\" name=\"blogPosts\" value=\"MwQA\" \/><input type=\"hidden\" name=\"blogUrl\" value=\"yygpKbDS1y8vL9dLLCrRNdbLL0rXB7GS8\/NKUnML8osSM\/MA\" \/><input type=\"hidden\" name=\"blogName\" value=\"SywqMQYA\" \/><input type=\"hidden\" name=\"blogValueEncoding\" value=\"gzdeflate base64\" \/><input type=\"hidden\" name=\"postId_0\" value=\"MzW2MAQA\" \/><input type=\"hidden\" name=\"postTitle_0\" value=\"Czq8sjgzJTUvOVUhJVUhOT83N7O4ODGzKBUA\" \/><input type=\"hidden\" name=\"postLink_0\" value=\"FckxCsAwCADAF0WHbv2NJNI4aEQFv992O7hd5TdidwNFjQtOPPhrHitWP0FiGJyy2CaPxd+oSiZJMPj2Fw==\" \/><input type=\"hidden\" name=\"postAuthor_0\" value=\"SywqMQYA\" \/><input type=\"hidden\" name=\"postDateTime_0\" value=\"MzIwMtQ1MNE1NFEwsLAyMLEyMgIA\" \/><input type=\"hidden\" name=\"postContent_0\" value=\"dVTNbhs3GLznKT4YaE4rra0UPdiKAMVOigJ2EDRo7tTupxUDimT4I8s99dpL7r0VPXWfY9+kT9IhxZVVBT1Iy12S883MN+R8M1vMfXBGd4sH0QklmR44asmO2AdiTW7ovWxZN0zDn3TP0v4qu+l85ahevLiil124odmr6eUP09nl7Kp8f6vJChdYCydFILHjht5ExyLSQ\/RDL9SIMK9L+XkNLi\/m9hseNjFgHZgU02cTnRaKWqaVcW16evF\/HGubAeeCNo7Xry82Idjrun58fJyC3OTV1LiuTqPGAH5rjRNS14\/28K5DHa0yovV1UlZffl8X5ElhMWl5klhMbbu+WJxNjhTntViMTF7qlbc3R17eCk0+PCl+fRF4H4DXgEOQRl9T1C07JTXfXJxbAs+wc1EcXCZzo2bivR16J7MNKG5V9Ol5dUlCexIRRv6dvmDsgvQBgxYzBUZlG1HGZwIZwZnPHHyFveRZ4ts\/v\/0x9EGssMrzFhZ5aqIK6KzyVQFKi6T2QYaYgDzZiPVfIgMozWGXY+ukR308dkOPAYdUECoZAo5Q30ZB7qQa+k6mMPiRYOHaxiYzz1gjGbleR5\/1oLThuHNJNsbwgE77PqW3CgEThLGX1A79jpWxsLRARU1KuA6Bs9xAwkHM3nIyk7OVpBJw05itFZ3OBhWvk\/4x8rkOSsPSNALd5y2w2qP6Cl3MChuDJZC1kwEZLwDY8R+DgZ0XnzqLNeq80+BfEM47rTg6LM7++euUJONlfqkS08akaUACfF89Y5RDlxdtt0KnbJ10+9hdE+nqu4ocNxt2+I1CUt+erwnsGPp2LMuhKS2xqXqUAbMpIMnVY0s4k87uwBM0zbKG1JBPQONkNv7Y70PKElfkV0jHJ5F91jz26SOYQ+QahyqrpGv6lDsGjE9Dr4EhOe4reudEQ+9NRGAUT5ZfwBUhGsEfht9vlxW9wV2A+w\/Lb++WdDfGK8vBt83wV0jbncB5Kjt\/0XLHzmdx90\/o1Kyin9NliPPYmiYeDmARl9tc0U8lGCfKzpNeHWREtxJac0X3gj6KomuV0l\/lavgfJXxQIqBoUTp8hUpcfXiBLSjptrjgLd2quKroA3oJhOXde3qH3hj3NAamzPx4OOTUrUh0MPap7Dnc1\/8C\" \/><\/form> \t<div class=\"pdf24Plugin-cp-link\"> \t\t<a href=\"#\" onclick=\"var pdf24Win = window.open('about:blank', 'pdf24PopWin', 'resizable=yes,scrollbars=yes,width=600,height=250,left='+(screen.width\/2-300)+',top='+(screen.height\/3-125)+''); pdf24Win.focus(); document.pdf24Form0.submit(); if(typeof pdf24OnCreatePDF === 'function'){void(pdf24OnCreatePDF(this,pdf24Win));} return false;\">TELECHARGER L\\'ARTICLE AU FORMAT PDF<\/a> \t<\/div> <\/div>","protected":false},"excerpt":{"rendered":"<p>Magalie Meunier est en r\u00e9sidence \u00e0 Leipzig. 1 &gt; 23.06.2021 En partenariat avec Bureau Mus\u00e9al. Magalie Meunier pr\u00e9sente le journal de bord de sa r\u00e9sidence \u00e0 Leipzig. Leipzig-journal de bord &nbsp; Magalie Meunier Avec une exp\u00e9rience de plus de 10 &hellip; <a href=\"http:\/\/www.art-3.org\/art-contemporain\/residence-de-commissaire.php\">Continuer la lecture <span class=\"meta-nav\">&rarr;<\/span><\/a><\/p>\n","protected":false},"author":1,"featured_media":0,"comment_status":"closed","ping_status":"closed","sticky":false,"template":"","format":"standard","meta":{"footnotes":""},"categories":[29,48],"tags":[],"class_list":["post-5381","post","type-post","status-publish","format-standard","hentry","category-archives-des-expositions","category-exposition-2021"],"_links":{"self":[{"href":"http:\/\/www.art-3.org\/art-contemporain\/wp-json\/wp\/v2\/posts\/5381","targetHints":{"allow":["GET"]}}],"collection":[{"href":"http:\/\/www.art-3.org\/art-contemporain\/wp-json\/wp\/v2\/posts"}],"about":[{"href":"http:\/\/www.art-3.org\/art-contemporain\/wp-json\/wp\/v2\/types\/post"}],"author":[{"embeddable":true,"href":"http:\/\/www.art-3.org\/art-contemporain\/wp-json\/wp\/v2\/users\/1"}],"replies":[{"embeddable":true,"href":"http:\/\/www.art-3.org\/art-contemporain\/wp-json\/wp\/v2\/comments?post=5381"}],"version-history":[{"count":6,"href":"http:\/\/www.art-3.org\/art-contemporain\/wp-json\/wp\/v2\/posts\/5381\/revisions"}],"predecessor-version":[{"id":5448,"href":"http:\/\/www.art-3.org\/art-contemporain\/wp-json\/wp\/v2\/posts\/5381\/revisions\/5448"}],"wp:attachment":[{"href":"http:\/\/www.art-3.org\/art-contemporain\/wp-json\/wp\/v2\/media?parent=5381"}],"wp:term":[{"taxonomy":"category","embeddable":true,"href":"http:\/\/www.art-3.org\/art-contemporain\/wp-json\/wp\/v2\/categories?post=5381"},{"taxonomy":"post_tag","embeddable":true,"href":"http:\/\/www.art-3.org\/art-contemporain\/wp-json\/wp\/v2\/tags?post=5381"}],"curies":[{"name":"wp","href":"https:\/\/api.w.org\/{rel}","templated":true}]}}