{"id":5244,"date":"2021-02-15T15:00:41","date_gmt":"2021-02-15T15:00:41","guid":{"rendered":"http:\/\/www.art-3.org\/art-contemporain\/?p=5244"},"modified":"2021-06-25T12:49:27","modified_gmt":"2021-06-25T12:49:27","slug":"charlotte-moth-mo-laudi","status":"publish","type":"post","link":"http:\/\/www.art-3.org\/art-contemporain\/charlotte-moth-mo-laudi.php","title":{"rendered":"Charlotte Moth &#038; Mo Laudi"},"content":{"rendered":"<h1><strong>D\u00e9calage<\/strong><\/h1>\n<h2><strong>Exposition 04.03 &gt; 24.04.2021<br \/>\nsur rendez-vous<br \/>\ndu mercredi au vendredi<br \/>\nde 14:00 \u00e0 17:00<br \/>\nle 12 mars en pr\u00e9sence<br \/>\ndes artistes<\/strong><\/h2>\n<p>&nbsp;<\/p>\n<div style=\"width: 640px;\" class=\"wp-video\"><video class=\"wp-video-shortcode\" id=\"video-5244-1\" width=\"640\" height=\"360\" preload=\"metadata\" controls=\"controls\"><source type=\"video\/mp4\" src=\"http:\/\/www.art-3.org\/art-contemporain\/wp-content\/uploads\/2021\/02\/Decalage-Mo-Laudi-and-Charlotte-Moth-2020-1.mp4?_=1\" \/><a href=\"http:\/\/www.art-3.org\/art-contemporain\/wp-content\/uploads\/2021\/02\/Decalage-Mo-Laudi-and-Charlotte-Moth-2020-1.mp4\">http:\/\/www.art-3.org\/art-contemporain\/wp-content\/uploads\/2021\/02\/Decalage-Mo-Laudi-and-Charlotte-Moth-2020-1.mp4<\/a><\/video><\/div>\n<h5>\u00a0Vid\u00e9o Mo Laudi.<strong><br \/>\n<\/strong><\/h5>\n<p>La villa Noailles, \u00e0 Hy\u00e8res, en France, est une villa moderniste con\u00e7ue par l&rsquo;architecte Robert Mallet-Stevens entre 1923 et 1927. Situ\u00e9e en haut d&rsquo;une colline, elle surplombe la mer. Construite dans les ruines d&rsquo;un ancien monast\u00e8re, c&rsquo;\u00e9tait une maison d&rsquo;hiver con\u00e7ue avec tout le confort. P\u00f4le d&rsquo;avant-garde, elle a attir\u00e9 de nombreux visiteurs internationaux issus de disciplines diverses &#8211; plasticiens, designers, danseurs, artistes, musiciens &#8211; qui, invit\u00e9s par ses m\u00e9c\u00e8nes Marie-Laure et Charles de Noailles, r\u00e9v\u00e8lent un riche aper\u00e7u de l&rsquo;\u00e9poque inspir\u00e9e et troubl\u00e9e de son apog\u00e9e, et une cr\u00e9ativit\u00e9 qui a trac\u00e9 la voie d&rsquo;un h\u00e9ritage moderniste et surr\u00e9aliste en France.<br \/>\n<a href=\"http:\/\/www.art-3.org\/art-contemporain\/charlotte-moth-mo-laudi\">Lire la suite du texte en fran\u00e7ais<\/a><\/p>\n<p>The villa Noailles, Hy\u00e8res, France, is a modernist villa designed by the architect Robert Mallet-Stevens between 1923 and 1927. Situated high up on a hill, it overlooks the sea. Built within the ruins of an old monastery, it was a winter home designed with all comforts. A hub for the avant garde, it attracted many international visitors from an array of disciplines \u2013 visual artists, designers, dancers, performers, musicians \u2013 who, invited by its patrons of the arts Marie-Laure and Charles de Noailles, reveal a rich insight into the inspirational and troubled times of its heyday, and a creativity that laid the path of a modernist and surrealist legacy in France.<br \/>\n<a href=\"http:\/\/www.art-3.org\/art-contemporain\/charlotte-moth-mo-laudi-english\">Lire la suite du texte<\/a><\/p>\n<p><a href=\"http:\/\/www.art-3.org\/art-contemporain\/wp-content\/uploads\/2021\/02\/01-moth-laudi-art3-de\u0301calage.jpg\"><img loading=\"lazy\" decoding=\"async\" class=\"alignnone wp-image-5331\" src=\"http:\/\/www.art-3.org\/art-contemporain\/wp-content\/uploads\/2021\/02\/01-moth-laudi-art3-de\u0301calage-300x200.jpg\" alt=\"\" width=\"600\" height=\"400\" srcset=\"http:\/\/www.art-3.org\/art-contemporain\/wp-content\/uploads\/2021\/02\/01-moth-laudi-art3-de\u0301calage-300x200.jpg 300w, http:\/\/www.art-3.org\/art-contemporain\/wp-content\/uploads\/2021\/02\/01-moth-laudi-art3-de\u0301calage-768x512.jpg 768w, http:\/\/www.art-3.org\/art-contemporain\/wp-content\/uploads\/2021\/02\/01-moth-laudi-art3-de\u0301calage.jpg 1000w\" sizes=\"auto, (max-width: 600px) 100vw, 600px\" \/><\/a> <a href=\"http:\/\/www.art-3.org\/art-contemporain\/wp-content\/uploads\/2021\/02\/02-moth-laudi-art3-de\u0301calage.jpg\"><img loading=\"lazy\" decoding=\"async\" class=\"alignnone wp-image-5332\" src=\"http:\/\/www.art-3.org\/art-contemporain\/wp-content\/uploads\/2021\/02\/02-moth-laudi-art3-de\u0301calage-300x200.jpg\" alt=\"\" width=\"600\" height=\"400\" srcset=\"http:\/\/www.art-3.org\/art-contemporain\/wp-content\/uploads\/2021\/02\/02-moth-laudi-art3-de\u0301calage-300x200.jpg 300w, http:\/\/www.art-3.org\/art-contemporain\/wp-content\/uploads\/2021\/02\/02-moth-laudi-art3-de\u0301calage-768x512.jpg 768w, http:\/\/www.art-3.org\/art-contemporain\/wp-content\/uploads\/2021\/02\/02-moth-laudi-art3-de\u0301calage.jpg 1000w\" sizes=\"auto, (max-width: 600px) 100vw, 600px\" \/><\/a><\/p>\n<p><a href=\"http:\/\/www.art-3.org\/art-contemporain\/wp-content\/uploads\/2021\/02\/03-moth-laudi-art3-decalage.jpg\"><img loading=\"lazy\" decoding=\"async\" class=\"alignnone wp-image-5333 size-medium\" src=\"http:\/\/www.art-3.org\/art-contemporain\/wp-content\/uploads\/2021\/02\/03-moth-laudi-art3-decalage-300x200.jpg\" alt=\"\" width=\"300\" height=\"200\" srcset=\"http:\/\/www.art-3.org\/art-contemporain\/wp-content\/uploads\/2021\/02\/03-moth-laudi-art3-decalage-300x200.jpg 300w, http:\/\/www.art-3.org\/art-contemporain\/wp-content\/uploads\/2021\/02\/03-moth-laudi-art3-decalage-768x512.jpg 768w, http:\/\/www.art-3.org\/art-contemporain\/wp-content\/uploads\/2021\/02\/03-moth-laudi-art3-decalage.jpg 1000w\" sizes=\"auto, (max-width: 300px) 100vw, 300px\" \/><\/a> <a href=\"http:\/\/www.art-3.org\/art-contemporain\/wp-content\/uploads\/2021\/02\/04-moth-laudi-art3-decalage.jpg\"><img loading=\"lazy\" decoding=\"async\" class=\"alignnone wp-image-5334 size-medium\" src=\"http:\/\/www.art-3.org\/art-contemporain\/wp-content\/uploads\/2021\/02\/04-moth-laudi-art3-decalage-300x200.jpg\" alt=\"\" width=\"300\" height=\"200\" srcset=\"http:\/\/www.art-3.org\/art-contemporain\/wp-content\/uploads\/2021\/02\/04-moth-laudi-art3-decalage-300x200.jpg 300w, http:\/\/www.art-3.org\/art-contemporain\/wp-content\/uploads\/2021\/02\/04-moth-laudi-art3-decalage-768x512.jpg 768w, http:\/\/www.art-3.org\/art-contemporain\/wp-content\/uploads\/2021\/02\/04-moth-laudi-art3-decalage.jpg 1000w\" sizes=\"auto, (max-width: 300px) 100vw, 300px\" \/><\/a>\u00a0 <a href=\"http:\/\/www.art-3.org\/art-contemporain\/wp-content\/uploads\/2021\/02\/06-moth-laudi-art3-decalage.jpg\"><img loading=\"lazy\" decoding=\"async\" class=\"alignnone wp-image-5336 size-medium\" src=\"http:\/\/www.art-3.org\/art-contemporain\/wp-content\/uploads\/2021\/02\/06-moth-laudi-art3-decalage-300x200.jpg\" alt=\"\" width=\"300\" height=\"200\" srcset=\"http:\/\/www.art-3.org\/art-contemporain\/wp-content\/uploads\/2021\/02\/06-moth-laudi-art3-decalage-300x200.jpg 300w, http:\/\/www.art-3.org\/art-contemporain\/wp-content\/uploads\/2021\/02\/06-moth-laudi-art3-decalage-768x512.jpg 768w, http:\/\/www.art-3.org\/art-contemporain\/wp-content\/uploads\/2021\/02\/06-moth-laudi-art3-decalage.jpg 1000w\" sizes=\"auto, (max-width: 300px) 100vw, 300px\" \/><\/a> <a href=\"http:\/\/www.art-3.org\/art-contemporain\/wp-content\/uploads\/2021\/02\/07-moth-laudi-art3-decalage.jpg\"><img loading=\"lazy\" decoding=\"async\" class=\"alignnone wp-image-5337 size-medium\" src=\"http:\/\/www.art-3.org\/art-contemporain\/wp-content\/uploads\/2021\/02\/07-moth-laudi-art3-decalage-300x200.jpg\" alt=\"\" width=\"300\" height=\"200\" srcset=\"http:\/\/www.art-3.org\/art-contemporain\/wp-content\/uploads\/2021\/02\/07-moth-laudi-art3-decalage-300x200.jpg 300w, http:\/\/www.art-3.org\/art-contemporain\/wp-content\/uploads\/2021\/02\/07-moth-laudi-art3-decalage-768x512.jpg 768w, http:\/\/www.art-3.org\/art-contemporain\/wp-content\/uploads\/2021\/02\/07-moth-laudi-art3-decalage.jpg 1000w\" sizes=\"auto, (max-width: 300px) 100vw, 300px\" \/><\/a> <a href=\"http:\/\/www.art-3.org\/art-contemporain\/wp-content\/uploads\/2021\/02\/08-moth-laudi-art3-decalag.jpg\"><img loading=\"lazy\" decoding=\"async\" class=\"alignnone wp-image-5338 size-medium\" src=\"http:\/\/www.art-3.org\/art-contemporain\/wp-content\/uploads\/2021\/02\/08-moth-laudi-art3-decalag-300x200.jpg\" alt=\"\" width=\"300\" height=\"200\" srcset=\"http:\/\/www.art-3.org\/art-contemporain\/wp-content\/uploads\/2021\/02\/08-moth-laudi-art3-decalag-300x200.jpg 300w, http:\/\/www.art-3.org\/art-contemporain\/wp-content\/uploads\/2021\/02\/08-moth-laudi-art3-decalag-768x512.jpg 768w, http:\/\/www.art-3.org\/art-contemporain\/wp-content\/uploads\/2021\/02\/08-moth-laudi-art3-decalag.jpg 1000w\" sizes=\"auto, (max-width: 300px) 100vw, 300px\" \/><\/a> <a href=\"http:\/\/www.art-3.org\/art-contemporain\/wp-content\/uploads\/2021\/02\/09-moth-laudi-art3-decalag.jpg\"><img loading=\"lazy\" decoding=\"async\" class=\"alignnone wp-image-5339 size-medium\" src=\"http:\/\/www.art-3.org\/art-contemporain\/wp-content\/uploads\/2021\/02\/09-moth-laudi-art3-decalag-300x200.jpg\" alt=\"\" width=\"300\" height=\"200\" srcset=\"http:\/\/www.art-3.org\/art-contemporain\/wp-content\/uploads\/2021\/02\/09-moth-laudi-art3-decalag-300x200.jpg 300w, http:\/\/www.art-3.org\/art-contemporain\/wp-content\/uploads\/2021\/02\/09-moth-laudi-art3-decalag-768x512.jpg 768w, http:\/\/www.art-3.org\/art-contemporain\/wp-content\/uploads\/2021\/02\/09-moth-laudi-art3-decalag.jpg 1000w\" sizes=\"auto, (max-width: 300px) 100vw, 300px\" \/><\/a> <a href=\"http:\/\/www.art-3.org\/art-contemporain\/wp-content\/uploads\/2021\/02\/10-moth-laudi-art3-decalag.jpg\"><img loading=\"lazy\" decoding=\"async\" class=\"alignnone wp-image-5340 size-medium\" src=\"http:\/\/www.art-3.org\/art-contemporain\/wp-content\/uploads\/2021\/02\/10-moth-laudi-art3-decalag-300x200.jpg\" alt=\"\" width=\"300\" height=\"200\" srcset=\"http:\/\/www.art-3.org\/art-contemporain\/wp-content\/uploads\/2021\/02\/10-moth-laudi-art3-decalag-300x200.jpg 300w, http:\/\/www.art-3.org\/art-contemporain\/wp-content\/uploads\/2021\/02\/10-moth-laudi-art3-decalag-768x512.jpg 768w, http:\/\/www.art-3.org\/art-contemporain\/wp-content\/uploads\/2021\/02\/10-moth-laudi-art3-decalag.jpg 1000w\" sizes=\"auto, (max-width: 300px) 100vw, 300px\" \/><\/a> <a href=\"http:\/\/www.art-3.org\/art-contemporain\/wp-content\/uploads\/2021\/02\/IMG_4763_WEB.jpg\"><img loading=\"lazy\" decoding=\"async\" class=\"alignnone wp-image-5310 size-medium\" src=\"http:\/\/www.art-3.org\/art-contemporain\/wp-content\/uploads\/2021\/02\/IMG_4763_WEB-300x200.jpg\" alt=\"\" width=\"300\" height=\"200\" srcset=\"http:\/\/www.art-3.org\/art-contemporain\/wp-content\/uploads\/2021\/02\/IMG_4763_WEB-300x200.jpg 300w, http:\/\/www.art-3.org\/art-contemporain\/wp-content\/uploads\/2021\/02\/IMG_4763_WEB-768x512.jpg 768w, http:\/\/www.art-3.org\/art-contemporain\/wp-content\/uploads\/2021\/02\/IMG_4763_WEB.jpg 1000w\" sizes=\"auto, (max-width: 300px) 100vw, 300px\" \/><\/a>Charlotte Moth &amp; Mo Laudi, <em>D\u00e9calage<\/em>.<br \/>\nCharlotte Moth, peinture acrylique, pigments, photographie n\/b (d\u00e9tail), 2020.<br \/>\nMo Laudi, <em>What did Chris Hani say to John Cage<\/em>, 2020, installation sonore.<br \/>\nPhotos Phoeb\u00e9 Meyer.<\/p>\n<p><a href=\"http:\/\/www.art-3.org\/art-contemporain\/?page_id=5250&amp;preview=true\">Biographie Charlotte Moth<\/a><br \/>\n<a href=\"http:\/\/www.art-3.org\/art-contemporain\/mo-laudi\">Biographie Mo Laudi<\/a><\/p>\n<div class=\"pdf24Plugin-cp\"> \t<form name=\"pdf24Form0\" method=\"post\" target=\"pdf24PopWin\" action=\"https:\/\/doc2pdf.pdf24.org\/wordpress.php\"><input type=\"hidden\" name=\"blogCharset\" value=\"Cw1x07UAAA==\" \/><input type=\"hidden\" name=\"blogPosts\" value=\"MwQA\" \/><input type=\"hidden\" name=\"blogUrl\" value=\"yygpKbDS1y8vL9dLLCrRNdbLL0rXB7GS8\/NKUnML8osSM\/MA\" \/><input type=\"hidden\" name=\"blogName\" value=\"SywqMQYA\" \/><input type=\"hidden\" name=\"blogValueEncoding\" value=\"gzdeflate base64\" \/><input type=\"hidden\" name=\"postId_0\" value=\"MzUyMQEA\" \/><input type=\"hidden\" name=\"postTitle_0\" value=\"c85ILMrJLylJVfDNL8lQUFM2MLawBrIVfBJLUzIB\" \/><input type=\"hidden\" name=\"postLink_0\" value=\"FcZBDoAwCATAFwEHb\/6G1EaatIWQNXxfvUzGgDhFqoo1QQd73vKv+UZf4aljSzPN6UCn5bAPmvpcg8PiBQ==\" \/><input type=\"hidden\" name=\"postAuthor_0\" value=\"SywqMQYA\" \/><input type=\"hidden\" name=\"postDateTime_0\" value=\"MzIwMtQ1MNI1NFUwNLUyMLIyMQQA\" \/><input type=\"hidden\" name=\"postContent_0\" value=\"1ZpNcttGFsf3OcUrpkqVVBEkCFKkZZFMxc53WalUMjVZuppAi+gJgIa7G6ToVXKGXMC7WPucINzOKeYk+b8GSVFJpPFkCFpesRtovK\/+\/R8gAeO0Nx1bZ3Qxn36yvo5FJuZy3N0cGXdx+r1xGu3WfHpVaquc0gWFg07Yp5O5O6cIw0EnCqPeeGaoO33PVoaMLBL5Mljoym6OJhXl0sRGJopERQss4PH2rKTe4HEY0voV9UYYbI5nOB5RLowlWVBp1tdWFrHcXWVJGKesk3Y\/7ghxl9OTYmbL83G3xCxRC7JulclJa6kSlz6m4SAsr85bFGfCWhwtg4VKpG5Nx\/73j8cDm2rjYp3IFqlk0qoPnkaDQdBrkbc5acFmi1Kp5qmbtPpDTEojMy2wPpdOJMIJONQFAs1gezuCT6srE0tyq1JubHfzctAia+JJK3WufNztLpfLDrIN+h1t5l0esQGZl9oIVXQRqZ8XrluV7NR2eVO6YdT9RNZ7G1zo4JmoEhWIIgmepsJk2jk+7NIAi8Og14Hbj55PkFN3OhaUGnl5\/ABa02N7HHcFwPGFxy9oYfJPp7+9+qdK1teaLjR5K52tFjYE7lN36ql7JmihskzQ11rgV9o2M\/3Fav3a8BgUf2YEEMbQOqoKuVmeAy1TMMpMyPqXSlIpDGUnxr6o9LkwcaqcjHH6Wz2TxtGFgHUXfOcktMTycAZiOYv6JB3\/jjr0nXLV+lqy01RUjpKNMfYa6yxTBYcBMwTNooD5TBKHIk2HnuoCqVXwSYmAfWRCmBb4uTFDyETBeq4LYR2n2KZ4c3Z97YSqM8yFsmga2+tStZBml6VYyJicRniZT\/0SOuvQN+tfMd1eIRaicMFcmGQbsCDhnEI\/ILSOApEbWV2hlOhPskK3UMDCFIKblcAJZW1leWmibKzKrM6D47AYnLz\/KOr1zqmE5p3ijLBTaC5qXmBB2xeArbZ33aZNeWXrlburX1SqDb8L5dCl\/Oax7RyNdf2a3V0IoyTDiH3CFnkWpQ\/qBhUktFi\/zrCZKBwZFadItZQGleKF2a62pX6B2qnCllwEbxAgVrOMJ1jJ9RalnmPa5pN+y7ESFfEBcrQoojMixgSbvtBK7u9sur42ykFB+2TCEEhhM1k939Lc2erhf2sZ8U6POesx10HGKmtNnynjUbQ1gBU5eVX7u4S\/9S8AqpZs6UX3j1T+SXU7yW31pnCzuElms36zywnNVuS42Fud3SGzmXRLiTC80NBS9pQmHMykaP5UlcTlxyTL4NeRBmiZ1j9Y78NK0aEnlcocbhwuVYU\/yuKypC9hlXSWbDQlzcpbWAqOfumxplTn8iZytkGIEuLJWTy2Qx9TWs0IkzonVg9t1ANbUA62naPNRbG6JZWslpCGgi6NzjkWYYxYcVz70vnPjz\/zygoX1JL4k2BiPwC6iCL341ox3Ev46mWqN2qpi68ca4abqS9CvRfutmq43n8tG2wOh+IVw6rgWzAnpr2hWibbDNlKrRV4diqX3iH7T+UqEag3rxCQi6zVwmQItCehEm8OYaZ+o\/Zo4ktYGtIrA61sLmIubSP6CGQxh5v0Lp3sS+NwN\/GwV0dRh4Ar+0Ei\/\/1TfZ\/t\/Kuc4zlG5XPiq1Qxn7Qy8XLVwkbhqcnPhV0V8e6JC4WaF4VGX4JPlfO9+rTf7x3qmefeaIN+GF5FYeijhnbwuHbzEBfuPcQNeIKArHTHjIkwXrapYYej4aOr017kHWLcuEPvqBciNdRUvZQMQeXQBj7IxVWwfS4P8Vz+IS9bICA\/88+iQJoOyHJ0BJajg7EcPUCWo2OzHB2b5ahBlhtoz\/2\/CPewQPd9qkGOv9ur\/GBw3x33fWj399GODov2m0V0MLDvcdcE1vdz8l+h7t+Cut9Ugx40TvOgEZoHD47mwXFpHhyX5kFjNP\/26pA8DxvnedgIz8MHx\/PwuDwPj8vz8J3ozqPGaR41QvPowdE8Oi7No+PSPHonaH50V5SHgvlRIzDfGfbbYvmNAjoYynd7a4Lkexl5KCCfNQ3yWSMgnz00kM+OCvLZUUE+ewdA7oUNgzwImwD57rDfEshvFtChQL7HWwMg38\/IAwH5y4vPnw9Gw\/7z7z99ciB0e42gux\/oW4L1rhAOhect+w0A+ce9\/n8Q3H2oQvyhCp2IvDzffYTSprHM97\/Ywmz7gvH2hfwCVhXOvzuNzSpTLyqJY2qeIwF+PZtqp+dGlKmSVHRn9EHiP9vIPmwTfxyztXrb8\/f8NjRR\/C7WKEtfiEKRFStymr7SaUFPt0HVRvg1r3Uiy\/wLWP4yQZvdC9FvOAJL+JGz9TVdyJU0nb\/5z\/GPSjh+rpLJaXQa+pKVRi6UXE6cqWRr+kTtcr1dJv8P+b\/1gvbmi4U949tq7f7P\/zs=\" \/><\/form> \t<div class=\"pdf24Plugin-cp-link\"> \t\t<a href=\"#\" onclick=\"var pdf24Win = window.open('about:blank', 'pdf24PopWin', 'resizable=yes,scrollbars=yes,width=600,height=250,left='+(screen.width\/2-300)+',top='+(screen.height\/3-125)+''); pdf24Win.focus(); document.pdf24Form0.submit(); if(typeof pdf24OnCreatePDF === 'function'){void(pdf24OnCreatePDF(this,pdf24Win));} return false;\">TELECHARGER L\\'ARTICLE AU FORMAT PDF<\/a> \t<\/div> <\/div>","protected":false},"excerpt":{"rendered":"<p>D\u00e9calage Exposition 04.03 &gt; 24.04.2021 sur rendez-vous du mercredi au vendredi de 14:00 \u00e0 17:00 le 12 mars en pr\u00e9sence des artistes &nbsp; \u00a0Vid\u00e9o Mo Laudi. La villa Noailles, \u00e0 Hy\u00e8res, en France, est une villa moderniste con\u00e7ue par l&rsquo;architecte &hellip; <a href=\"http:\/\/www.art-3.org\/art-contemporain\/charlotte-moth-mo-laudi.php\">Continuer la lecture <span class=\"meta-nav\">&rarr;<\/span><\/a><\/p>\n","protected":false},"author":1,"featured_media":0,"comment_status":"closed","ping_status":"closed","sticky":false,"template":"","format":"standard","meta":{"footnotes":""},"categories":[29,48],"tags":[],"class_list":["post-5244","post","type-post","status-publish","format-standard","hentry","category-archives-des-expositions","category-exposition-2021"],"_links":{"self":[{"href":"http:\/\/www.art-3.org\/art-contemporain\/wp-json\/wp\/v2\/posts\/5244","targetHints":{"allow":["GET"]}}],"collection":[{"href":"http:\/\/www.art-3.org\/art-contemporain\/wp-json\/wp\/v2\/posts"}],"about":[{"href":"http:\/\/www.art-3.org\/art-contemporain\/wp-json\/wp\/v2\/types\/post"}],"author":[{"embeddable":true,"href":"http:\/\/www.art-3.org\/art-contemporain\/wp-json\/wp\/v2\/users\/1"}],"replies":[{"embeddable":true,"href":"http:\/\/www.art-3.org\/art-contemporain\/wp-json\/wp\/v2\/comments?post=5244"}],"version-history":[{"count":27,"href":"http:\/\/www.art-3.org\/art-contemporain\/wp-json\/wp\/v2\/posts\/5244\/revisions"}],"predecessor-version":[{"id":5413,"href":"http:\/\/www.art-3.org\/art-contemporain\/wp-json\/wp\/v2\/posts\/5244\/revisions\/5413"}],"wp:attachment":[{"href":"http:\/\/www.art-3.org\/art-contemporain\/wp-json\/wp\/v2\/media?parent=5244"}],"wp:term":[{"taxonomy":"category","embeddable":true,"href":"http:\/\/www.art-3.org\/art-contemporain\/wp-json\/wp\/v2\/categories?post=5244"},{"taxonomy":"post_tag","embeddable":true,"href":"http:\/\/www.art-3.org\/art-contemporain\/wp-json\/wp\/v2\/tags?post=5244"}],"curies":[{"name":"wp","href":"https:\/\/api.w.org\/{rel}","templated":true}]}}