{"id":4841,"date":"2019-03-26T14:27:55","date_gmt":"2019-03-26T14:27:55","guid":{"rendered":"http:\/\/www.art-3.org\/art-contemporain\/?p=4841"},"modified":"2019-05-15T07:30:56","modified_gmt":"2019-05-15T07:30:56","slug":"art3-programme-de-residences-2019","status":"publish","type":"post","link":"http:\/\/www.art-3.org\/art-contemporain\/art3-programme-de-residences-2019.php","title":{"rendered":"art3 | Programme de r\u00e9sidences 2019"},"content":{"rendered":"<p><strong>Appel \u00e0 candidature<br \/>\nR\u00e9sidence crois\u00e9e art3 | Homesession Barcelone.<br \/>\n2019-Appel-candidature-barcelone<br \/>\n<\/strong><\/p>\n<p><strong>R\u00e9sidence art3 | Lisa Schlenker<br \/>\n<\/strong>L&rsquo;artiste allemande est en r\u00e9sidence \u00e0 art3 d&rsquo;avril \u00e0 juin.<strong><br \/>\n<\/strong><a href=\"https:\/\/lisaschlenker.wordpress.com\/\">https:\/\/lisaschlenker.wordpress.com\/<\/a><strong><br \/>\n<\/strong><\/p>\n<p><img loading=\"lazy\" decoding=\"async\" class=\"alignleft wp-image-4843\" src=\"http:\/\/www.art-3.org\/art-contemporain\/wp-content\/uploads\/2019\/03\/Capture-d\u2019e\u0301cran-2019-03-26-a\u0300-15.20.27-150x150.png\" alt=\"\" width=\"80\" height=\"39\" srcset=\"http:\/\/www.art-3.org\/art-contemporain\/wp-content\/uploads\/2019\/03\/Capture-d\u2019e\u0301cran-2019-03-26-a\u0300-15.20.27-300x147.png 300w, http:\/\/www.art-3.org\/art-contemporain\/wp-content\/uploads\/2019\/03\/Capture-d\u2019e\u0301cran-2019-03-26-a\u0300-15.20.27.png 399w\" sizes=\"auto, (max-width: 80px) 100vw, 80px\" \/>La r\u00e9sidence est soutenue par la r\u00e9gion Auvergne-Rh\u00f4ne-alpes,<br \/>\net land du Bade-Wurtemberg. En partenariat avec l&rsquo;Institut Fran\u00e7ais de Stuttgart.<\/p>\n<div class=\"pdf24Plugin-cp\"> \t<form name=\"pdf24Form0\" method=\"post\" target=\"pdf24PopWin\" action=\"https:\/\/doc2pdf.pdf24.org\/wordpress.php\"><input type=\"hidden\" name=\"blogCharset\" value=\"Cw1x07UAAA==\" \/><input type=\"hidden\" name=\"blogPosts\" value=\"MwQA\" \/><input type=\"hidden\" name=\"blogUrl\" value=\"yygpKbDS1y8vL9dLLCrRNdbLL0rXB7GS8\/NKUnML8osSM\/MA\" \/><input type=\"hidden\" name=\"blogName\" value=\"SywqMQYA\" \/><input type=\"hidden\" name=\"blogValueEncoding\" value=\"gzdeflate base64\" \/><input type=\"hidden\" name=\"postId_0\" value=\"M7EwMQQA\" \/><input type=\"hidden\" name=\"postTitle_0\" value=\"SywqMVaoUQgoyk8vSszNTVVISVUoOryyODMlNS85tVjByMDQEgA=\" \/><input type=\"hidden\" name=\"postLink_0\" value=\"FchJCsAgDADAF8W09dT+RjSohyzEgN8v3oYZEfYh7r1T8YCc1DseVZUgNvUy5UQGc+1emAkagdOajaTSgue632TDfg==\" \/><input type=\"hidden\" name=\"postAuthor_0\" value=\"SywqMQYA\" \/><input type=\"hidden\" name=\"postDateTime_0\" value=\"MzIwtNQ1MNY1MlMwNLEyMLYyNQUA\" \/><input type=\"hidden\" name=\"postContent_0\" value=\"vZPBbhMxEIbvPMVoDwikeL3JBpqUJFJBIJByag+cHe901+C1je3NphWH9jG4cUO98wa59il4EmY3iRqBkDj1sLLHO\/\/MN57xzC1mIXprysWZc6hh+x2kMIUqRGw8zlYe+OLJ+fYuqAKNRJDeqrC9QxA+5vAV3tsaA4agrIHXwkvU1mC6142y4ZT1cdlRULY6+O3dZnyPMOOOrAeko7z7dEsVBFzISqP5jP5P\/fKpD18a+4qcVYgk0hprSoyAIQIa8A8BqdA+ZnHQrL3qy\/\/UKJMeCP4iFFB5vJwnVYwunHKuCSgceNLW+sJ5uo5U2poni\/\/xmnGx+Ge6w4WougRtRaFMOU+0uL5KoEBpd7YIV0YmILUIgSytSqPxMkLrmKpFiWw8GecJBC933ATUtm1K5bM8tb7k3U5aE7F21gtlOCl720TeuC5v4F0veZbzN8L1TSx+3XzD+1vphWF9n7OcjV4ycX\/Dhi\/SUZaOTmiTbehLnSkTakacJwm0qojVPJlkCVSoyooO82kPFzA+Ml+eEd\/4pOMD2rcDeMz0u7TTaUvVq2vsWtdEO4Bntdiw\/ppOYZK5zXMYZtma4DojoflYiuNB7kY72IZoGgQnPOj+d9m9yLNmjb40yM6r7U9ahHYYBvspw0iupoCioZdbIPvYeCpxRYIU3pouFMUUXokIYo0S9P6lfDAhqthEeEfFbX8IFWgW4YJOYkmatB\/a3w==\" \/><\/form> \t<div class=\"pdf24Plugin-cp-link\"> \t\t<a href=\"#\" onclick=\"var pdf24Win = window.open('about:blank', 'pdf24PopWin', 'resizable=yes,scrollbars=yes,width=600,height=250,left='+(screen.width\/2-300)+',top='+(screen.height\/3-125)+''); pdf24Win.focus(); document.pdf24Form0.submit(); if(typeof pdf24OnCreatePDF === 'function'){void(pdf24OnCreatePDF(this,pdf24Win));} return false;\">TELECHARGER L\\'ARTICLE AU FORMAT PDF<\/a> \t<\/div> <\/div>","protected":false},"excerpt":{"rendered":"<p>Appel \u00e0 candidature R\u00e9sidence crois\u00e9e art3 | Homesession Barcelone. 2019-Appel-candidature-barcelone R\u00e9sidence art3 | Lisa Schlenker L&rsquo;artiste allemande est en r\u00e9sidence \u00e0 art3 d&rsquo;avril \u00e0 juin. https:\/\/lisaschlenker.wordpress.com\/ La r\u00e9sidence est soutenue par la r\u00e9gion Auvergne-Rh\u00f4ne-alpes, et land du Bade-Wurtemberg. En partenariat &hellip; <a href=\"http:\/\/www.art-3.org\/art-contemporain\/art3-programme-de-residences-2019.php\">Continuer la lecture <span class=\"meta-nav\">&rarr;<\/span><\/a><\/p>\n","protected":false},"author":1,"featured_media":0,"comment_status":"closed","ping_status":"closed","sticky":false,"template":"","format":"standard","meta":{"footnotes":""},"categories":[29,45],"tags":[],"class_list":["post-4841","post","type-post","status-publish","format-standard","hentry","category-archives-des-expositions","category-exposition-2019"],"_links":{"self":[{"href":"http:\/\/www.art-3.org\/art-contemporain\/wp-json\/wp\/v2\/posts\/4841","targetHints":{"allow":["GET"]}}],"collection":[{"href":"http:\/\/www.art-3.org\/art-contemporain\/wp-json\/wp\/v2\/posts"}],"about":[{"href":"http:\/\/www.art-3.org\/art-contemporain\/wp-json\/wp\/v2\/types\/post"}],"author":[{"embeddable":true,"href":"http:\/\/www.art-3.org\/art-contemporain\/wp-json\/wp\/v2\/users\/1"}],"replies":[{"embeddable":true,"href":"http:\/\/www.art-3.org\/art-contemporain\/wp-json\/wp\/v2\/comments?post=4841"}],"version-history":[{"count":10,"href":"http:\/\/www.art-3.org\/art-contemporain\/wp-json\/wp\/v2\/posts\/4841\/revisions"}],"predecessor-version":[{"id":4868,"href":"http:\/\/www.art-3.org\/art-contemporain\/wp-json\/wp\/v2\/posts\/4841\/revisions\/4868"}],"wp:attachment":[{"href":"http:\/\/www.art-3.org\/art-contemporain\/wp-json\/wp\/v2\/media?parent=4841"}],"wp:term":[{"taxonomy":"category","embeddable":true,"href":"http:\/\/www.art-3.org\/art-contemporain\/wp-json\/wp\/v2\/categories?post=4841"},{"taxonomy":"post_tag","embeddable":true,"href":"http:\/\/www.art-3.org\/art-contemporain\/wp-json\/wp\/v2\/tags?post=4841"}],"curies":[{"name":"wp","href":"https:\/\/api.w.org\/{rel}","templated":true}]}}