{"id":4594,"date":"2018-02-15T13:21:34","date_gmt":"2018-02-15T13:21:34","guid":{"rendered":"http:\/\/www.art-3.org\/art-contemporain\/?p=4594"},"modified":"2018-06-15T13:22:21","modified_gmt":"2018-06-15T13:22:21","slug":"lycee-faure-tournon-artiste-invite-tom-castinel","status":"publish","type":"post","link":"http:\/\/www.art-3.org\/art-contemporain\/lycee-faure-tournon-artiste-invite-tom-castinel.php","title":{"rendered":"Lyc\u00e9e Faure, Tournon | Artiste invit\u00e9 : Tom Castinel"},"content":{"rendered":"<div class=\"entry-content\">\n<p>Lyc\u00e9e Faure, Tournon | Artiste invit\u00e9 : Tom Castinel \u2013 octobre 2017 \u2013 avril 2018<br \/>\nR\u00e9sidence artistique en milieu scolaire avec le Lyc\u00e9e Faure et une classe de 1\u00e8re et terminale, sur l\u2019invitation de Madame Forcheron, professeur d\u2019arts plastiques.<\/p>\n<p><img loading=\"lazy\" decoding=\"async\" class=\"alignnone wp-image-4551 size-large\" src=\"http:\/\/www.art-3.org\/art-contemporain\/wp-content\/uploads\/2018\/05\/V6-invitation-lyce%CC%81e-faure-page-001-1024x724.jpg\" sizes=\"auto, (max-width: 640px) 100vw, 640px\" srcset=\"http:\/\/www.art-3.org\/art-contemporain\/wp-content\/uploads\/2018\/05\/V6-invitation-lyce\u0301e-faure-page-001-1024x724.jpg 1024w, http:\/\/www.art-3.org\/art-contemporain\/wp-content\/uploads\/2018\/05\/V6-invitation-lyce\u0301e-faure-page-001-300x212.jpg 300w, http:\/\/www.art-3.org\/art-contemporain\/wp-content\/uploads\/2018\/05\/V6-invitation-lyce\u0301e-faure-page-001-768x543.jpg 768w\" alt=\"\" width=\"640\" height=\"453\" \/><\/p>\n<p>L\u2019artiste Tom Castinel, invit\u00e9 par art3, a travaill\u00e9 avec les \u00e9l\u00e8ves de 1\u00e8re et de terminale du Lyc\u00e9e Gabriel Faure de Tournon et leur professeur d\u2019arts plastiques Madame Forcheron.<br \/>\nLe projet d\u2019action artistique a permis de travailler autour d\u2019une m\u00eame th\u00e9matique, les \u00abMondes flottants\u00bb d\u00e9velopp\u00e9e \u00e0 l\u2019occasion de la Biennale de Lyon 2017, deux classes, un artiste en mettant en \u0153uvre des formes d\u2019expression artistique plurielles. Les actions engag\u00e9es se sont \u00e9chelonn\u00e9es entre octobre 2017 et avril 2018.<\/p>\n<div id=\"gallery-1\" class=\"gallery galleryid-4339 gallery-columns-3 gallery-size-thumbnail\">\n<dl class=\"gallery-item\">\n<dt class=\"gallery-icon landscape\"><a href=\"http:\/\/www.art-3.org\/art-contemporain\/lycee-faure-tournon-artiste-invite-tom-castinel\/02-castinel\"><img loading=\"lazy\" decoding=\"async\" class=\"attachment-thumbnail size-thumbnail\" src=\"http:\/\/www.art-3.org\/art-contemporain\/wp-content\/uploads\/2018\/05\/02-castinel-150x150.jpg\" sizes=\"auto, (max-width: 150px) 100vw, 150px\" srcset=\"http:\/\/www.art-3.org\/art-contemporain\/wp-content\/uploads\/2018\/05\/02-castinel-150x150.jpg 150w, http:\/\/www.art-3.org\/art-contemporain\/wp-content\/uploads\/2018\/05\/02-castinel-300x300.jpg 300w, http:\/\/www.art-3.org\/art-contemporain\/wp-content\/uploads\/2018\/05\/02-castinel-768x768.jpg 768w, http:\/\/www.art-3.org\/art-contemporain\/wp-content\/uploads\/2018\/05\/02-castinel-1024x1024.jpg 1024w\" alt=\"\" width=\"150\" height=\"150\" aria-describedby=\"gallery-1-4512\" \/><\/a><\/dt>\n<dd id=\"gallery-1-4512\" class=\"wp-caption-text gallery-caption\">Tom Castinel, artiste intervant dans la classe du Lyc\u00e9e Faure. S\u00e9ance d\u2019accrochage.<\/dd>\n<\/dl>\n<dl class=\"gallery-item\">\n<dt class=\"gallery-icon landscape\"><a href=\"http:\/\/www.art-3.org\/art-contemporain\/lycee-faure-tournon-artiste-invite-tom-castinel\/01-vue-lycee\"><img loading=\"lazy\" decoding=\"async\" class=\"attachment-thumbnail size-thumbnail\" src=\"http:\/\/www.art-3.org\/art-contemporain\/wp-content\/uploads\/2018\/05\/01-vue-lyce%CC%81e-150x150.png\" alt=\"\" width=\"150\" height=\"150\" \/><\/a><\/dt>\n<\/dl>\n<dl class=\"gallery-item\">\n<dt class=\"gallery-icon landscape\"><a href=\"http:\/\/www.art-3.org\/art-contemporain\/lycee-faure-tournon-artiste-invite-tom-castinel\/03-ballon\"><img loading=\"lazy\" decoding=\"async\" class=\"attachment-thumbnail size-thumbnail\" src=\"http:\/\/www.art-3.org\/art-contemporain\/wp-content\/uploads\/2018\/05\/03-ballon-150x150.png\" alt=\"\" width=\"150\" height=\"150\" aria-describedby=\"gallery-1-4515\" \/><\/a><\/dt>\n<dd id=\"gallery-1-4515\" class=\"wp-caption-text gallery-caption\">Action. Lach\u00e9 de ballons.<\/dd>\n<\/dl>\n<dl class=\"gallery-item\">\n<dt class=\"gallery-icon landscape\"><a href=\"http:\/\/www.art-3.org\/art-contemporain\/lycee-faure-tournon-artiste-invite-tom-castinel\/05-pont\"><img loading=\"lazy\" decoding=\"async\" class=\"attachment-thumbnail size-thumbnail\" src=\"http:\/\/www.art-3.org\/art-contemporain\/wp-content\/uploads\/2018\/05\/05-pont-150x150.png\" alt=\"\" width=\"150\" height=\"150\" aria-describedby=\"gallery-1-4516\" \/><\/a><\/dt>\n<dd id=\"gallery-1-4516\" class=\"wp-caption-text gallery-caption\">Extrait de vid\u00e9o.<\/dd>\n<\/dl>\n<dl class=\"gallery-item\">\n<dt class=\"gallery-icon landscape\"><a href=\"http:\/\/www.art-3.org\/art-contemporain\/lycee-faure-tournon-artiste-invite-tom-castinel\/06-animation-dessin\"><img loading=\"lazy\" decoding=\"async\" class=\"attachment-thumbnail size-thumbnail\" src=\"http:\/\/www.art-3.org\/art-contemporain\/wp-content\/uploads\/2018\/05\/06-animation-dessin-150x150.png\" alt=\"\" width=\"150\" height=\"150\" aria-describedby=\"gallery-1-4517\" \/><\/a><\/dt>\n<dd id=\"gallery-1-4517\" class=\"wp-caption-text gallery-caption\">Extrait du film d\u2019animation.<\/dd>\n<\/dl>\n<dl class=\"gallery-item\">\n<dt class=\"gallery-icon landscape\"><a href=\"http:\/\/www.art-3.org\/art-contemporain\/lycee-faure-tournon-artiste-invite-tom-castinel\/08-espace\"><img loading=\"lazy\" decoding=\"async\" class=\"attachment-thumbnail size-thumbnail\" src=\"http:\/\/www.art-3.org\/art-contemporain\/wp-content\/uploads\/2018\/05\/08-espace-150x150.png\" alt=\"\" width=\"150\" height=\"150\" aria-describedby=\"gallery-1-4518\" \/><\/a><\/dt>\n<dd id=\"gallery-1-4518\" class=\"wp-caption-text gallery-caption\">D\u00e9tail<\/dd>\n<\/dl>\n<dl class=\"gallery-item\">\n<dt class=\"gallery-icon landscape\"><a href=\"http:\/\/www.art-3.org\/art-contemporain\/lycee-faure-tournon-artiste-invite-tom-castinel\/09-marilyn-et-ange\"><img loading=\"lazy\" decoding=\"async\" class=\"attachment-thumbnail size-thumbnail\" src=\"http:\/\/www.art-3.org\/art-contemporain\/wp-content\/uploads\/2018\/05\/09-Marilyn-et-Ange-150x150.png\" alt=\"\" width=\"150\" height=\"150\" aria-describedby=\"gallery-1-4519\" \/><\/a><\/dt>\n<dd id=\"gallery-1-4519\" class=\"wp-caption-text gallery-caption\">Extrait de la vid\u00e9o. Marilyn &amp; Ange<\/dd>\n<\/dl>\n<dl class=\"gallery-item\">\n<dt class=\"gallery-icon landscape\"><a href=\"http:\/\/www.art-3.org\/art-contemporain\/lycee-faure-tournon-artiste-invite-tom-castinel\/10-aquarium\"><img loading=\"lazy\" decoding=\"async\" class=\"attachment-thumbnail size-thumbnail\" src=\"http:\/\/www.art-3.org\/art-contemporain\/wp-content\/uploads\/2018\/05\/10-aquarium-150x150.png\" alt=\"\" width=\"150\" height=\"150\" aria-describedby=\"gallery-1-4520\" \/><\/a><\/dt>\n<dd id=\"gallery-1-4520\" class=\"wp-caption-text gallery-caption\">Photographie couleur.<\/dd>\n<\/dl>\n<\/div>\n<\/div>\n<div class=\"pdf24Plugin-cp\"> \t<form name=\"pdf24Form0\" method=\"post\" target=\"pdf24PopWin\" action=\"https:\/\/doc2pdf.pdf24.org\/wordpress.php\"><input type=\"hidden\" name=\"blogCharset\" value=\"Cw1x07UAAA==\" \/><input type=\"hidden\" name=\"blogPosts\" value=\"MwQA\" \/><input type=\"hidden\" name=\"blogUrl\" value=\"yygpKbDS1y8vL9dLLCrRNdbLL0rXB7GS8\/NKUnML8osSM\/MA\" \/><input type=\"hidden\" name=\"blogName\" value=\"SywqMQYA\" \/><input type=\"hidden\" name=\"blogValueEncoding\" value=\"gzdeflate base64\" \/><input type=\"hidden\" name=\"postId_0\" value=\"MzG1NAEA\" \/><input type=\"hidden\" name=\"postTitle_0\" value=\"86lMPrwyVcEtsbQoVUchJL+0KC8\/T6FGwbGoJLO4JFUhM68ss+TwSgUroFyugnNicUlmXmoOAA==\" \/><input type=\"hidden\" name=\"postLink_0\" value=\"FcpBDsAgCADBF6GH3vobYmglUSCINf19620z2RphZ85rrYQecCT1O+8qKkHd1JElt7cQwYXTCUKniwr8E48gYHk4NncoOIKFWrJqHw==\" \/><input type=\"hidden\" name=\"postAuthor_0\" value=\"SywqMQYA\" \/><input type=\"hidden\" name=\"postDateTime_0\" value=\"MzIwtNA1MNI1NFUwNLYyMLIyNgEA\" \/><input type=\"hidden\" name=\"postContent_0\" value=\"1VjLbuM2FN3PV1wImKIFTEvyK07qBEinj00CFG3RPS0xMgcUqSEp2R50Mf2GWXXX5bj9hO7G6K5fMV\/SS0qynQSdeAbuwFkoJmmK9\/DynMPrTFJeQSKoMecBk1YvSaKkxVZw8WRSXFwtk\/WKwbe01KwDP6lSSyXhF7jUlhvLgMuK2\/UKzvC7HJ5RY7lkAt69eg0qsWqqGfSi+MQP0Epz4brjyVRDePHkh\/XK8JTJhAH16\/EXJQMmIeeCsxJMogTluAStWAKCwS4aYBZKyWrsDFIG8fpNPWyZzrmkAhGbUoN49+o3j5NajuBx5jVNaY7rKJ3MmFayA4VWNwzXwekpTkc4BgpBa0imOwkLn44JzzMQiqZcZueBoC+XAa6XqLpPzVImQZtNKngmMVsM5gXhOc0YGQyHMRj+khFBdcYCMDo5D2bWFmdhOJ\/PuxiX9LtKZ6Fr+ZPIC6UplyEu0pxMWBYOggldKsNoGP48Itv9EbFM2NNnz56OY0ZuXKZI4WJHUUziqDdYnPQG3edFFnggDmdpVQc+z+mCzHlqZ2cwGkTF4guIo6iad+qeh2qY\/V\/Q\/vPre5GC6yCQTxO5H0WLXtzzgbH9yeKejMaL4aDv42J7HgAVmO4A\/KGcB3gMAcwYz2Y4Ohj2A1RQS8urmrJekbs67Gz0WVDtNNbvAAWraUW5EDjcCMvAeiXWbyps7OoI2xspQVq28vuOTjVHkdcyTNnGFvAV4RT0fjHdU1+3sYMr5t587gK7txKv1h1joFA4NB5juweG20L+NpGcH+TrP3BxO1uvcurf6\/gNvv3zWskUGzdCWUulNW\/\/gnS9qphQReG2tf7dO4VKEmoanxAUvuJM1vt39oPDzs462CsXjfWYDvoQtOl37sV8ANf8+3VZ+RxhXKVzl18MwRaFxvzc2V4hSpdWBNuFK5xZJ8DgMhnNEKABtDmDFMPDwsQJJaUfda7NbrstpnBrto15OZ\/n6XmQUZe1JYk3RtWMQPPJUzLo90\/bLrJalLk0pL8Z8Q5mZ2U+lXgG7qJIxZ3FCEdl+G\/svW9QJphZmZqEFiy4mFCYaXazr7M4+bTisTXxSJP8WmVuOCdJI4Ew6m3awYf5N55iMssxvdu9wp2tH8jAdzCSeBgt8HnAonHGjkX73gEt+j\/wuDiH8MPd5Z3d4nNIu91d3rkqPhtXPfDy\/ppyf7b31F3fxpxtfdt3qOaUoCUkmk9ZOl3uaBIrhLhXOzvFJ7VOQelt3TZzGpY6oLTwF4tlC7tVbT0YXNy+D+imbkNnr5xLpRQ9Bo2uraPKW1VWF35cr6ir0GpPTrRKZnhloamkKYILU3Hk8o9JVTJ\/6bLj1f8WZFu5tbIrZPYwo27x5fiPpE+mGNmR81jPo0X4YcfwgLCHewh7uL+wL319gLUCZgVLOaxPaszm8WhzSArlfmkeKw1qfAclwWgPEoz2J8E3C6yEuS\/VK47lrHo8hz8iVPK8\/k2UunL4iP3gPtaDkuJkD1KcfAQpSrjhIq+v7hb\/4yHImDBT0OSIr+0W4UHJMN6DDOP9yfD1emVxz4\/m1E9JjgkSS0mYRdVlR3z8p+R6C\/USoR6UB6d78OD0o24KrPabywKaDcBnNC++BLeHx0KUOCL0RYnwy\/xoGbKD8ZDU6EUPU8PN2Zca38+UVZmmxYwzSFTp\/ol3+5oIU15tPv4F\" \/><\/form> \t<div class=\"pdf24Plugin-cp-link\"> \t\t<a href=\"#\" onclick=\"var pdf24Win = window.open('about:blank', 'pdf24PopWin', 'resizable=yes,scrollbars=yes,width=600,height=250,left='+(screen.width\/2-300)+',top='+(screen.height\/3-125)+''); pdf24Win.focus(); document.pdf24Form0.submit(); if(typeof pdf24OnCreatePDF === 'function'){void(pdf24OnCreatePDF(this,pdf24Win));} return false;\">TELECHARGER L\\'ARTICLE AU FORMAT PDF<\/a> \t<\/div> <\/div>","protected":false},"excerpt":{"rendered":"<p>Lyc\u00e9e Faure, Tournon | Artiste invit\u00e9 : Tom Castinel \u2013 octobre 2017 \u2013 avril 2018 R\u00e9sidence artistique en milieu scolaire avec le Lyc\u00e9e Faure et une classe de 1\u00e8re et terminale, sur l\u2019invitation de Madame Forcheron, professeur d\u2019arts plastiques. L\u2019artiste &hellip; <a href=\"http:\/\/www.art-3.org\/art-contemporain\/lycee-faure-tournon-artiste-invite-tom-castinel.php\">Continuer la lecture <span class=\"meta-nav\">&rarr;<\/span><\/a><\/p>\n","protected":false},"author":1,"featured_media":0,"comment_status":"closed","ping_status":"closed","sticky":false,"template":"","format":"standard","meta":{"footnotes":""},"categories":[29,44],"tags":[],"class_list":["post-4594","post","type-post","status-publish","format-standard","hentry","category-archives-des-expositions","category-expositions-2018"],"_links":{"self":[{"href":"http:\/\/www.art-3.org\/art-contemporain\/wp-json\/wp\/v2\/posts\/4594","targetHints":{"allow":["GET"]}}],"collection":[{"href":"http:\/\/www.art-3.org\/art-contemporain\/wp-json\/wp\/v2\/posts"}],"about":[{"href":"http:\/\/www.art-3.org\/art-contemporain\/wp-json\/wp\/v2\/types\/post"}],"author":[{"embeddable":true,"href":"http:\/\/www.art-3.org\/art-contemporain\/wp-json\/wp\/v2\/users\/1"}],"replies":[{"embeddable":true,"href":"http:\/\/www.art-3.org\/art-contemporain\/wp-json\/wp\/v2\/comments?post=4594"}],"version-history":[{"count":1,"href":"http:\/\/www.art-3.org\/art-contemporain\/wp-json\/wp\/v2\/posts\/4594\/revisions"}],"predecessor-version":[{"id":4595,"href":"http:\/\/www.art-3.org\/art-contemporain\/wp-json\/wp\/v2\/posts\/4594\/revisions\/4595"}],"wp:attachment":[{"href":"http:\/\/www.art-3.org\/art-contemporain\/wp-json\/wp\/v2\/media?parent=4594"}],"wp:term":[{"taxonomy":"category","embeddable":true,"href":"http:\/\/www.art-3.org\/art-contemporain\/wp-json\/wp\/v2\/categories?post=4594"},{"taxonomy":"post_tag","embeddable":true,"href":"http:\/\/www.art-3.org\/art-contemporain\/wp-json\/wp\/v2\/tags?post=4594"}],"curies":[{"name":"wp","href":"https:\/\/api.w.org\/{rel}","templated":true}]}}