{"id":4592,"date":"2018-01-15T13:18:35","date_gmt":"2018-01-15T13:18:35","guid":{"rendered":"http:\/\/www.art-3.org\/art-contemporain\/?p=4592"},"modified":"2019-02-13T15:06:07","modified_gmt":"2019-02-13T15:06:07","slug":"art3-programme-de-residences-2018","status":"publish","type":"post","link":"http:\/\/www.art-3.org\/art-contemporain\/art3-programme-de-residences-2018.php","title":{"rendered":"art3 | Programme de r\u00e9sidences 2018"},"content":{"rendered":"<p><strong>R\u00e9sidence crois\u00e9e art3 | Homesession Barcelone<\/strong><br \/>\n<a href=\"http:\/\/www.art-3.org\/art-contemporain\/art3-programme-de-residences\/2018-appel-candidature-barcelone-page-001\">http:\/\/www.art-3.org\/art-contemporain\/art3-programme-de-residences\/2018-appel-candidature-barcelone-page-001<\/a><\/p>\n<p><strong>art3 | R\u00e9sidence curatoriale \u00e0 Lisbonne<\/strong><br \/>\n<a href=\"http:\/\/www.art-3.org\/art-contemporain\/art3-programme-de-residences\/2018-residence-lisbonne\">http:\/\/www.art-3.org\/art-contemporain\/art3-programme-de-residences\/2018-residence-lisbonne<\/a><\/p>\n<p><strong>Baptiste Croze<\/strong><br \/>\n<a href=\"http:\/\/www.art-3.org\/art-contemporain\/art3-programme-de-residences\/2018-croze\">http:\/\/www.art-3.org\/art-contemporain\/art3-programme-de-residences\/2018-croze<\/a><\/p>\n<p><strong>R\u00e9sidence art3 | Stuttgart<\/strong><\/p>\n<p><strong>Baptise Croze<\/strong> est en r\u00e9sidence \u00e0 Stuttgart<br \/>\nde f\u00e9vrier \u00e0 avril 2018.<br \/>\n<strong>Maximilian Bauer<\/strong> est en r\u00e9sidence \u00e0 art3<br \/>\nde juillet \u00e0 ao\u00fbt 2018.<\/p>\n<p>Ce programme d\u2019\u00e9change permet chaque ann\u00e9e \u00e0 deux artistes de b\u00e9n\u00e9ficier d&rsquo;une bourse de s\u00e9jour et une bourse de production.<br \/>\nUn(e) artiste allemand(e) vient r\u00e9sider \u00e0 art3, un(e) artiste fran\u00e7ais(e) part \u00e0 Stuttgart accueilli(e) par l\u2019Institut fran\u00e7ais de Stuttgart en partenariat avec la Kunststiftung.<br \/>\nLa r\u00e9sidence donne lieu au financement d&rsquo;un projet en collaboration avec la structure d&rsquo;accueil.<br \/>\nLa r\u00e9sidence est soutenue par la r\u00e9gion Auvergne-Rh\u00f4ne-alpes,<br \/>\net land du Bade-Wurtemberg.<\/p>\n<div class=\"pdf24Plugin-cp\"> \t<form name=\"pdf24Form0\" method=\"post\" target=\"pdf24PopWin\" action=\"https:\/\/doc2pdf.pdf24.org\/wordpress.php\"><input type=\"hidden\" name=\"blogCharset\" value=\"Cw1x07UAAA==\" \/><input type=\"hidden\" name=\"blogPosts\" value=\"MwQA\" \/><input type=\"hidden\" name=\"blogUrl\" value=\"yygpKbDS1y8vL9dLLCrRNdbLL0rXB7GS8\/NKUnML8osSM\/MA\" \/><input type=\"hidden\" name=\"blogName\" value=\"SywqMQYA\" \/><input type=\"hidden\" name=\"blogValueEncoding\" value=\"gzdeflate base64\" \/><input type=\"hidden\" name=\"postId_0\" value=\"MzG1NAIA\" \/><input type=\"hidden\" name=\"postTitle_0\" value=\"SywqMVaoUQgoyk8vSszNTVVISVUoOryyODMlNS85tVjByMDQAgA=\" \/><input type=\"hidden\" name=\"postLink_0\" value=\"FchJCsAgDADAF8W09VL6G9GgHrIQA36\/eBtmRNiHuPdOxQNyUu94VFWC2NTLlBMZzLV7YSZoBE5rNpJKC57rfpMN+wE=\" \/><input type=\"hidden\" name=\"postAuthor_0\" value=\"SywqMQYA\" \/><input type=\"hidden\" name=\"postDateTime_0\" value=\"MzIwtNA1MNQ1NFUwNLYyMLQyNgUA\" \/><input type=\"hidden\" name=\"postContent_0\" value=\"vVSxjhMxEO35itEVCKTbbI40CJZI3DUgjuYQop54JxtHXntvbCcnRMFv0NGh9HSU+yd8CeNkN5vjItEcV609s\/PevOexi2Za+MDOVtOrduN1SVYRKHbatxsC5DCBL\/DG1eTJe+0snCMrMs5SkXeFxYwhnz4qEBZM81cnixCaF3m+Xq9HUp9NRo6rPK2Us4HqxjFqmwKTrGFXMdY1ZSVlTB2\/z5+Nz55n2DRkMoW21CWGyJTNeu6swYqy8fjsZPqQbEWO0yJvROtgW2fRoXuRMTjWaAja73Cp\/czZB\/Brv89MR3l\/7tzFPubFOTZB+0Bwwe7z\/xesEsv9aVS7pu\/KOjjb7rQ\/hBhCJZtB41Er\/nYCyAcgCzwgyoQMaDujSoJ5u1mxJk5plJWB1OKod7KDe483utZGY7qWkfgfPKn5gWIZtTEUtgnX\/godQ6fjgmBvFpS\/v35rN2qBtpIwcS1lsruOYoi16aEQkJLiTaJIA+BlB7N2I7m5VklH+Zj9dXQvo5WEiyzWyC\/yyCxlA4J3OyHcZVRBHpxe80f7hJ72+IDSei13NcVWmmzopXIv9FQQDyvmjLb9gdqnYCPRW84DKhVJDNFdGoxofmt90PLLUJx6G4rE4YREFuW2C8aKFBiEd1HqpHIeoq36\/i\/x8DTKdIXAaIqAEebaokTrpGMwKpmwpC2LcsbgTAY5ObLnkcMWj+Sp2hd1Ko5zppnwLkq7cm5bidt0lSBfxxVxJU\/d1aL9KR80DfnTDkZ6MOI1lFHGTC7Opyia65kU7MblDw==\" \/><\/form> \t<div class=\"pdf24Plugin-cp-link\"> \t\t<a href=\"#\" onclick=\"var pdf24Win = window.open('about:blank', 'pdf24PopWin', 'resizable=yes,scrollbars=yes,width=600,height=250,left='+(screen.width\/2-300)+',top='+(screen.height\/3-125)+''); pdf24Win.focus(); document.pdf24Form0.submit(); if(typeof pdf24OnCreatePDF === 'function'){void(pdf24OnCreatePDF(this,pdf24Win));} return false;\">TELECHARGER L\\'ARTICLE AU FORMAT PDF<\/a> \t<\/div> <\/div>","protected":false},"excerpt":{"rendered":"<p>R\u00e9sidence crois\u00e9e art3 | Homesession Barcelone http:\/\/www.art-3.org\/art-contemporain\/art3-programme-de-residences\/2018-appel-candidature-barcelone-page-001 art3 | R\u00e9sidence curatoriale \u00e0 Lisbonne http:\/\/www.art-3.org\/art-contemporain\/art3-programme-de-residences\/2018-residence-lisbonne Baptiste Croze http:\/\/www.art-3.org\/art-contemporain\/art3-programme-de-residences\/2018-croze R\u00e9sidence art3 | Stuttgart Baptise Croze est en r\u00e9sidence \u00e0 Stuttgart de f\u00e9vrier \u00e0 avril 2018. Maximilian Bauer est en r\u00e9sidence \u00e0 art3 &hellip; <a href=\"http:\/\/www.art-3.org\/art-contemporain\/art3-programme-de-residences-2018.php\">Continuer la lecture <span class=\"meta-nav\">&rarr;<\/span><\/a><\/p>\n","protected":false},"author":1,"featured_media":0,"comment_status":"closed","ping_status":"closed","sticky":false,"template":"","format":"standard","meta":{"footnotes":""},"categories":[29,44],"tags":[],"class_list":["post-4592","post","type-post","status-publish","format-standard","hentry","category-archives-des-expositions","category-expositions-2018"],"_links":{"self":[{"href":"http:\/\/www.art-3.org\/art-contemporain\/wp-json\/wp\/v2\/posts\/4592","targetHints":{"allow":["GET"]}}],"collection":[{"href":"http:\/\/www.art-3.org\/art-contemporain\/wp-json\/wp\/v2\/posts"}],"about":[{"href":"http:\/\/www.art-3.org\/art-contemporain\/wp-json\/wp\/v2\/types\/post"}],"author":[{"embeddable":true,"href":"http:\/\/www.art-3.org\/art-contemporain\/wp-json\/wp\/v2\/users\/1"}],"replies":[{"embeddable":true,"href":"http:\/\/www.art-3.org\/art-contemporain\/wp-json\/wp\/v2\/comments?post=4592"}],"version-history":[{"count":2,"href":"http:\/\/www.art-3.org\/art-contemporain\/wp-json\/wp\/v2\/posts\/4592\/revisions"}],"predecessor-version":[{"id":4788,"href":"http:\/\/www.art-3.org\/art-contemporain\/wp-json\/wp\/v2\/posts\/4592\/revisions\/4788"}],"wp:attachment":[{"href":"http:\/\/www.art-3.org\/art-contemporain\/wp-json\/wp\/v2\/media?parent=4592"}],"wp:term":[{"taxonomy":"category","embeddable":true,"href":"http:\/\/www.art-3.org\/art-contemporain\/wp-json\/wp\/v2\/categories?post=4592"},{"taxonomy":"post_tag","embeddable":true,"href":"http:\/\/www.art-3.org\/art-contemporain\/wp-json\/wp\/v2\/tags?post=4592"}],"curies":[{"name":"wp","href":"https:\/\/api.w.org\/{rel}","templated":true}]}}