{"id":4353,"date":"2018-03-20T10:12:56","date_gmt":"2018-03-20T10:12:56","guid":{"rendered":"http:\/\/www.art-3.org\/art-contemporain\/?p=4353"},"modified":"2021-06-25T13:43:48","modified_gmt":"2021-06-25T13:43:48","slug":"dector-dupuy-2","status":"publish","type":"post","link":"http:\/\/www.art-3.org\/art-contemporain\/dector-dupuy-2.php","title":{"rendered":"dector &#038; dupuy mosa\u00efq"},"content":{"rendered":"<p><strong>23.03 &#8211; 05.04<br \/>\ndu mercredi au samedi de 14h \u00e0 18h.<br \/>\n<\/strong>Avec le soutien du d\u00e9partement de la Dr\u00f4me \u00ab r\u00e9sidence et cr\u00e9ation 2018 \u00bb.<strong><br \/>\n<\/strong><\/p>\n<p><a href=\"http:\/\/www.art-3.org\/art-contemporain\/wp-content\/uploads\/art3-invitationDD-mosai\u0308q.jpg\"><img loading=\"lazy\" decoding=\"async\" class=\"alignnone size-medium wp-image-4391\" src=\"http:\/\/www.art-3.org\/art-contemporain\/wp-content\/uploads\/art3-invitationDD-mosai\u0308q-212x300.jpg\" alt=\"\" width=\"212\" height=\"300\" srcset=\"http:\/\/www.art-3.org\/art-contemporain\/wp-content\/uploads\/art3-invitationDD-mosai\u0308q-212x300.jpg 212w, http:\/\/www.art-3.org\/art-contemporain\/wp-content\/uploads\/art3-invitationDD-mosai\u0308q-768x1086.jpg 768w, http:\/\/www.art-3.org\/art-contemporain\/wp-content\/uploads\/art3-invitationDD-mosai\u0308q-724x1024.jpg 724w, http:\/\/www.art-3.org\/art-contemporain\/wp-content\/uploads\/art3-invitationDD-mosai\u0308q.jpg 1200w\" sizes=\"auto, (max-width: 212px) 100vw, 212px\" \/><\/a><\/p>\n<div style=\"width: 47%; padding: 0 10px 0 0; float: left;\">A l&rsquo;invitation d&rsquo;art3, nous assurons la programmation de ce d\u00e9but d&rsquo;ann\u00e9e.<br \/>\nA la suite de premiers rep\u00e9rages, nous allons d&rsquo;abord pr\u00e9senter \u00e0 partir du 22 mars <em>mosa\u00efq<\/em>, une pi\u00e8ce murale, sorte de n\u00e9gatif de la d\u00e9gradation d\u2019une d\u00e9coration en mosa\u00efque du boulevard du G\u00e9n\u00e9ral de Gaulle.<br \/>\nNous avons \u00e9galement souhait\u00e9 ouvrir notre duo \u00e0 plusieurs formes de collaborations :<br \/>\n&#8211; lors du finissage de l&rsquo;exposition, un concert pr\u00e9sentera une composition musicale utilisant l&rsquo;installation comme une partition,<br \/>\n&#8211; des envois r\u00e9guliers d&rsquo;images assureront une pr\u00e9sence continue et susciteront des r\u00e9actions sous forme de textes ou de photos,<br \/>\n&#8211; deux artistes ont \u00e9t\u00e9 invit\u00e9s \u00e0 envisager ensuite une collaboration avec nous,<br \/>\n&#8211; d&rsquo;autres relations enfin seront tiss\u00e9es avec une enseignante et des \u00e9tudiants de l&rsquo;Esad de\u00a0 Valence, avec un professeur de philosophie, etc\u2026<\/div>\n<div style=\"width: 40%; padding: 0 10px 0 0; float: right;\"><strong>L\u2019exposition mosa\u00efq.<\/strong><br \/>\nL\u2019eau manque en Afrique<br \/>\nLes hirondelles ne boivent pas assez pour traverser le Sahara.<br \/>\nCelles qui arrivent ne peuvent plus se nourrir \u00e0 cause des insecticides.<br \/>\nIl n\u2019y a plus d\u2019hirondelles.<br \/>\nIl n\u2019y a plus qu\u2019une trame :<br \/>\nun espace vide avec quelques carreaux de mosa\u00efque manquants<br \/>\nCe n\u2019est pas une restauration qui retiendrait le temps<br \/>\nC\u2019est l\u2019enregistrement d\u2019un \u00e9tat transitoire<br \/>\nl\u2019absence de p\u00e9rennit\u00e9<br \/>\nC\u2019est un constat en forme de fac-simil\u00e9 invers\u00e9.<\/div>\n<p><a href=\"http:\/\/www.art-3.org\/art-contemporain\/wp-content\/uploads\/2018\/03\/dd-mosaiq-art3-01.png\"><img loading=\"lazy\" decoding=\"async\" class=\"alignnone wp-image-4449 size-large\" src=\"http:\/\/www.art-3.org\/art-contemporain\/wp-content\/uploads\/2018\/03\/dd-mosaiq-art3-01-1024x686.png\" alt=\"\" width=\"640\" height=\"429\" srcset=\"http:\/\/www.art-3.org\/art-contemporain\/wp-content\/uploads\/2018\/03\/dd-mosaiq-art3-01-1024x686.png 1024w, http:\/\/www.art-3.org\/art-contemporain\/wp-content\/uploads\/2018\/03\/dd-mosaiq-art3-01-300x201.png 300w, http:\/\/www.art-3.org\/art-contemporain\/wp-content\/uploads\/2018\/03\/dd-mosaiq-art3-01-768x514.png 768w, http:\/\/www.art-3.org\/art-contemporain\/wp-content\/uploads\/2018\/03\/dd-mosaiq-art3-01.png 1465w\" sizes=\"auto, (max-width: 640px) 100vw, 640px\" \/><\/a><a href=\"http:\/\/www.art-3.org\/art-contemporain\/wp-content\/uploads\/2018\/03\/dd-mosaiq-art3-02.png\"><img loading=\"lazy\" decoding=\"async\" class=\"alignnone wp-image-4450 size-large\" src=\"http:\/\/www.art-3.org\/art-contemporain\/wp-content\/uploads\/2018\/03\/dd-mosaiq-art3-02-1024x682.png\" alt=\"\" width=\"640\" height=\"426\" srcset=\"http:\/\/www.art-3.org\/art-contemporain\/wp-content\/uploads\/2018\/03\/dd-mosaiq-art3-02-1024x682.png 1024w, http:\/\/www.art-3.org\/art-contemporain\/wp-content\/uploads\/2018\/03\/dd-mosaiq-art3-02-300x200.png 300w, http:\/\/www.art-3.org\/art-contemporain\/wp-content\/uploads\/2018\/03\/dd-mosaiq-art3-02-768x512.png 768w, http:\/\/www.art-3.org\/art-contemporain\/wp-content\/uploads\/2018\/03\/dd-mosaiq-art3-02.png 1463w\" sizes=\"auto, (max-width: 640px) 100vw, 640px\" \/><\/a><a href=\"http:\/\/www.art-3.org\/art-contemporain\/wp-content\/uploads\/2018\/03\/dd-mosaiq-art3-03.png\"><img loading=\"lazy\" decoding=\"async\" class=\"alignnone wp-image-4451 size-large\" src=\"http:\/\/www.art-3.org\/art-contemporain\/wp-content\/uploads\/2018\/03\/dd-mosaiq-art3-03-1024x681.png\" alt=\"\" width=\"640\" height=\"426\" srcset=\"http:\/\/www.art-3.org\/art-contemporain\/wp-content\/uploads\/2018\/03\/dd-mosaiq-art3-03-1024x681.png 1024w, http:\/\/www.art-3.org\/art-contemporain\/wp-content\/uploads\/2018\/03\/dd-mosaiq-art3-03-300x199.png 300w, http:\/\/www.art-3.org\/art-contemporain\/wp-content\/uploads\/2018\/03\/dd-mosaiq-art3-03-768x511.png 768w, http:\/\/www.art-3.org\/art-contemporain\/wp-content\/uploads\/2018\/03\/dd-mosaiq-art3-03.png 1459w\" sizes=\"auto, (max-width: 640px) 100vw, 640px\" \/><\/a><\/p>\n<p>dector &amp; dupuy, mosa\u00efq, art3, 2018. Photos Thierry Chassepoux.<\/p>\n<div class=\"pdf24Plugin-cp\"> \t<form name=\"pdf24Form0\" method=\"post\" target=\"pdf24PopWin\" action=\"https:\/\/doc2pdf.pdf24.org\/wordpress.php\"><input type=\"hidden\" name=\"blogCharset\" value=\"Cw1x07UAAA==\" \/><input type=\"hidden\" name=\"blogPosts\" value=\"MwQA\" \/><input type=\"hidden\" name=\"blogUrl\" value=\"yygpKbDS1y8vL9dLLCrRNdbLL0rXB7GS8\/NKUnML8osSM\/MA\" \/><input type=\"hidden\" name=\"blogName\" value=\"SywqMQYA\" \/><input type=\"hidden\" name=\"blogValueEncoding\" value=\"gzdeflate base64\" \/><input type=\"hidden\" name=\"postId_0\" value=\"MzE2NQYA\" \/><input type=\"hidden\" name=\"postTitle_0\" value=\"S0lNLskvUlBTNjC2sFZIKS0orVTIzS9OPLy+EAA=\" \/><input type=\"hidden\" name=\"postLink_0\" value=\"yygpKbDS1y8vL9dLLCrRNdbLL0rXB7GS8\/NKUnML8osSM\/P0U1KTS\/KLdFNKC0ordY30CjIKAA==\" \/><input type=\"hidden\" name=\"postAuthor_0\" value=\"SywqMQYA\" \/><input type=\"hidden\" name=\"postDateTime_0\" value=\"MzIwtNA1MNY1MlAwNLAyMLYyNQMA\" \/><input type=\"hidden\" name=\"postContent_0\" value=\"zVhNb9tGEL33VwxUNGgBfZCU7PhDNmAkRVCgKAq06H1NrqQtyF16PyQ5pxz7F3rLqajQQy+99RZd+yvyS\/pmSVqO06RBYqU9GOJSuzNvZt6bHXlan0+dt0bPz7PxMBnTg0+PsjQ9peRgmEyml5ZG558UgSppcysLRSKQExU\/FZLSyYK2zyk9WgzbrdNRa+1iKXMqJTkTvJKaYKPYbmphvayk9ny6FPTYbv+oJL34jex241QhdS5JesqxFF4ZTVmSHtGLP4cdyrt+pqMaK0QhaGHl7Ky38L4+GY1Wq9UQzgbjobHzET\/lRsN3baxQerSqm7X2o1CXRhSO94wHSi+Vj54fPx5Uxgn1109Xwx\/ree98qqo58Val52e9Ujy97iGK3DRr4a513qO8FM5hVaq51kYjfvVUDjhfoSI4VZWYy8FkfJz2yNl8L3AHWZqtx0kSYZMo\/VmvRytV+MVZD1\/1aCHVfIG32BNROOn3DoTwvOrTPrw8PDxap8nRYXSDxb7cZBO4ySaNm2yyHzfRepolyaoXucNkCt706fNKrAexiiecy3r9BaVJsgSKuOpBFdORaPVQqCU5f13Ks157ZPLws1OqRcFsPaEEZ+s1PpJTmgGSP4FWZ\/60d35B5QPrroI53cGjon3FsPukTXAEmgcI0LGKa2vmVlRVu1kSRAyxXwa\/O6n1diO7LnHBp1xQXvLu2spKSevIynq7sRCI65yUJbu4MXJpbIHtaBVIprTce7ijKMvtJcuoErAyldU5Z3P7+9V0hOc+BeiwVttfAasKVpSyj7ZkG+eANQfuWduQABuhFG0kL5\/9zGfxMkcp4zu0stZ4kOz10oRSLgVwYfFku9EcQcnWnohQljchfxPjWXI47LFsuiC640Iov92QCUuLOLTxlu2aGFsZnJIBMc2MraSLqTVlyXmIaBydtOa7tl0a7AaSmdLKOaQyxtXmT65r4xQf5JzAFLqt9bcSKmKqclN1+5Avp3KgJXTxUjkBzDt+OI8CNWnBGfTxmGguSPRxB1qBAKReGuW42c9DGWve1TY2xpZWEsTyjbEGWs6gtFc6xNvBBZeDO3EXW+XLIm\/y4TjNMVscuJdrj+9NiDRbGG\/c66jCmhiyizthcbvhekT2wznXAagV59LiqWFtk6ZblUBpcd8xaV9z0JE3oLLM8bItndQoErkmDPh3EIhr7LB5uEKb1sh4jJnjBLJQKLxxt6v6pRMgn3zxnH5AoZCrfmeEhTmTzoFCTQJUaZzBB7ZIn7989st0hE7xz\/0i+Zd+YfkOQcPoLuavIZYdwTqRDHcXdZOWuA1DRCU0KwhyuphZhcfue8S5UDhRSKjHETJxadSSxVKLyA\/5lGqDiLxFmBb54zHjO7EQVnRie9ScvQqYV6xtTjObZGgMQVdIPJfLsuhQ4lwEJ2OSQWsJMuUYRlxn76uSNHBfk2jOcmO4BfJN265C20AAFYTstIrCSFcLkHoJJ02xkIASfw5ArEV+1lywXaOJ2eLC3wQYPUnXZIV9gFxehJaNHLmVPHgVuII8Z4jvo5vj7dmSP7WVc7DftnNZhMxUE55xa9TTKNuVh0+Iy0aSTCl0O6k1K+WO6aa\/OLaCGt8ocibygVOVKhuJoX7bzbBj4X1McTwvjpLxqCiaK\/VqEO\/aJB3W+r2HuN3gNpkcNyNdKexcfugM90awAx401oeYaRj1nRnucJLsZrhJdnwPM9y7ASFefMjY82Y3mBLXWVMkwvN+nPCgeJBOopMPnBPfSjP8Ljo8eNv8hgremt\/i6mZ+25sCsntSwEHyERSQdcTL3kEBh3tUwKtA9qaArFVAsk8FZK0Csn0qIOsUMP7fKWB8XwpIP4ICxh3x0v9YAa8C2ZsCxlEB6fHxPhUwbhWQ7lMB41YBB8fvq4D2f1ogpTeWHoiqxu+IUIfrfjcT9qn5Lc4YhvRt\/GlD32Oyt\/aaHi14TMaQvB5GU38D\" \/><\/form> \t<div class=\"pdf24Plugin-cp-link\"> \t\t<a href=\"#\" onclick=\"var pdf24Win = window.open('about:blank', 'pdf24PopWin', 'resizable=yes,scrollbars=yes,width=600,height=250,left='+(screen.width\/2-300)+',top='+(screen.height\/3-125)+''); pdf24Win.focus(); document.pdf24Form0.submit(); if(typeof pdf24OnCreatePDF === 'function'){void(pdf24OnCreatePDF(this,pdf24Win));} return false;\">TELECHARGER L\\'ARTICLE AU FORMAT PDF<\/a> \t<\/div> <\/div>","protected":false},"excerpt":{"rendered":"<p>23.03 &#8211; 05.04 du mercredi au samedi de 14h \u00e0 18h. Avec le soutien du d\u00e9partement de la Dr\u00f4me \u00ab r\u00e9sidence et cr\u00e9ation 2018 \u00bb. A l&rsquo;invitation d&rsquo;art3, nous assurons la programmation de ce d\u00e9but d&rsquo;ann\u00e9e. A la suite de &hellip; <a href=\"http:\/\/www.art-3.org\/art-contemporain\/dector-dupuy-2.php\">Continuer la lecture <span class=\"meta-nav\">&rarr;<\/span><\/a><\/p>\n","protected":false},"author":1,"featured_media":0,"comment_status":"closed","ping_status":"open","sticky":false,"template":"","format":"standard","meta":{"footnotes":""},"categories":[29,44],"tags":[],"class_list":["post-4353","post","type-post","status-publish","format-standard","hentry","category-archives-des-expositions","category-expositions-2018"],"_links":{"self":[{"href":"http:\/\/www.art-3.org\/art-contemporain\/wp-json\/wp\/v2\/posts\/4353","targetHints":{"allow":["GET"]}}],"collection":[{"href":"http:\/\/www.art-3.org\/art-contemporain\/wp-json\/wp\/v2\/posts"}],"about":[{"href":"http:\/\/www.art-3.org\/art-contemporain\/wp-json\/wp\/v2\/types\/post"}],"author":[{"embeddable":true,"href":"http:\/\/www.art-3.org\/art-contemporain\/wp-json\/wp\/v2\/users\/1"}],"replies":[{"embeddable":true,"href":"http:\/\/www.art-3.org\/art-contemporain\/wp-json\/wp\/v2\/comments?post=4353"}],"version-history":[{"count":17,"href":"http:\/\/www.art-3.org\/art-contemporain\/wp-json\/wp\/v2\/posts\/4353\/revisions"}],"predecessor-version":[{"id":5431,"href":"http:\/\/www.art-3.org\/art-contemporain\/wp-json\/wp\/v2\/posts\/4353\/revisions\/5431"}],"wp:attachment":[{"href":"http:\/\/www.art-3.org\/art-contemporain\/wp-json\/wp\/v2\/media?parent=4353"}],"wp:term":[{"taxonomy":"category","embeddable":true,"href":"http:\/\/www.art-3.org\/art-contemporain\/wp-json\/wp\/v2\/categories?post=4353"},{"taxonomy":"post_tag","embeddable":true,"href":"http:\/\/www.art-3.org\/art-contemporain\/wp-json\/wp\/v2\/tags?post=4353"}],"curies":[{"name":"wp","href":"https:\/\/api.w.org\/{rel}","templated":true}]}}