{"id":4235,"date":"2018-03-15T14:28:39","date_gmt":"2018-03-15T14:28:39","guid":{"rendered":"http:\/\/www.art-3.org\/art-contemporain\/?p=4235"},"modified":"2018-09-21T15:41:48","modified_gmt":"2018-09-21T15:41:48","slug":"dector-dupuy","status":"publish","type":"post","link":"http:\/\/www.art-3.org\/art-contemporain\/dector-dupuy.php","title":{"rendered":"dector &#038; dupuy"},"content":{"rendered":"<div id='gallery-1' class='gallery galleryid-4235 gallery-columns-3 gallery-size-thumbnail'><dl class='gallery-item'>\n\t\t\t<dt class='gallery-icon portrait'>\n\t\t\t\t<a href='http:\/\/www.art-3.org\/art-contemporain\/dector-dupuy.php\/31-dector'><img loading=\"lazy\" decoding=\"async\" width=\"150\" height=\"150\" src=\"http:\/\/www.art-3.org\/art-contemporain\/wp-content\/uploads\/2017\/12\/31-dector-150x150.jpg\" class=\"attachment-thumbnail size-thumbnail\" alt=\"\" aria-describedby=\"gallery-1-4590\" \/><\/a>\n\t\t\t<\/dt>\n\t\t\t\t<dd class='wp-caption-text gallery-caption' id='gallery-1-4590'>\n\t\t\t\tArles \/ Bord du Rh\u00f4ne \/09\/06\/2018\nAffaire Milka \/ Bourg-l\u00e8s-Valence\/d\u00e9cembre 2001 (michel dector).\nL&rsquo;affaire milka.fr est un conflit qui a oppos\u00e9 la couturi\u00e8re Milka B. de Bourg-l\u00e8s-Valence, \u00e0 la multinationale am\u00e9ricaine Kraft Foods, concernant l&rsquo;attribution de la propri\u00e9t\u00e9 du nom de domaine\u00ab milka.fr \u00bb, conform\u00e9ment au droit des marques en France.\nEn effet, en d\u00e9cembre 2001, Madame Milka Budimir s&rsquo;\u00e9tait vu offrir comme cadeau de No\u00ebl par ses enfants le nom de domaine milka.fr, en tant que vitrine de son activit\u00e9 de couture. Le g\u00e9ant de l&rsquo;alimentaire Kraft Foods, propri\u00e9taire du chocolat Milka, a alors rapidement fait pression sur la couturi\u00e8re pour qu&rsquo;elle abandonne la propri\u00e9t\u00e9 de milka.fr.\nLe 14 mars 2005, au bout de trois ans de ce que MmeB. a qualifi\u00e9 en substance d&rsquo;acharnement judiciaire et de harc\u00e8lements divers, cette affaire a trouv\u00e9 son \u00e9pilogue. Bien que l&rsquo;adresse milka.fr ait \u00e9t\u00e9 obtenue de mani\u00e8re l\u00e9gale et l\u00e9gitime, et que le site aff\u00e9rant ne nuise aucunement au chocolat Milka, un tribunal fran\u00e7ais a ordonn\u00e9 de c\u00e9der la propri\u00e9t\u00e9 du site internet milka.fr \u00e0 la multinationale am\u00e9ricaine Kraft Foods propri\u00e9taire de la marque de chocolat Milka.\n\nLe tribunal de grande instance de Nanterre (choisi par Kraft pour sa r\u00e9putation d&rsquo;accorder des dommages et int\u00e9r\u00eats \u00e9lev\u00e9s)a en effet estim\u00e9 qu&rsquo;\u00ab en r\u00e9servant et utilisant le nom de domaine milka.fr, Mme Milka B. a fait un emploi injustifi\u00e9 des marques d\u00e9nominatives Milka dont la soci\u00e9t\u00e9 Kraft Foods est propri\u00e9taire \u00bb. De plus, le tribunal de Nanterre n&rsquo;a relev\u00e9 \u00ab aucune faute de Kraft Foods dans l&rsquo;utilisation du nom Milka qui existait bien avant la naissance de Mme B. \u00bb. L&rsquo;avocat de Milka B. a alors d\u00e9clar\u00e9 : \u00ab le droit des marques l&#8217;emporte sur le droit de la personne, les prologos diront bravo et les no-logo seront d\u00e9\u00e7us \u00bb. Ma\u00eetre Eolas, quant \u00e0 lui, a affirm\u00e9 qu&rsquo;\u00ab il s'[agissait] donc d&rsquo;une d\u00e9cision conforme au droit des marques, dont on peut regretter qu&rsquo;elle ait d\u00fb \u00eatre prononc\u00e9e, ce genre de litige \u00e9tant absurde et d\u00e9risoire, et devant id\u00e9alement se r\u00e9soudre par la n\u00e9gociation\u00bb.\n\nFinalement, en avril 2006, Milka B. a d\u00e9finitivement perdu contre Kraft Foods devant la cour d&rsquo;appel de Versailles. L&rsquo;usage de la couleur violette sur le site milka.fr semblant avoir \u00e9t\u00e9 d\u00e9cisif.\n\n\n\t\t\t\t<\/dd><\/dl>\n\t\t\t<br style='clear: both' \/>\n\t\t<\/div>\n\n<div id='gallery-2' class='gallery galleryid-4235 gallery-columns-3 gallery-size-thumbnail'><dl class='gallery-item'>\n\t\t\t<dt class='gallery-icon landscape'>\n\t\t\t\t<a href='http:\/\/www.art-3.org\/art-contemporain\/dector-dupuy.php\/30-dector'><img loading=\"lazy\" decoding=\"async\" width=\"150\" height=\"150\" src=\"http:\/\/www.art-3.org\/art-contemporain\/wp-content\/uploads\/2017\/12\/30-dector-150x150.png\" class=\"attachment-thumbnail size-thumbnail\" alt=\"\" aria-describedby=\"gallery-2-4579\" \/><\/a>\n\t\t\t<\/dt>\n\t\t\t\t<dd class='wp-caption-text gallery-caption' id='gallery-2-4579'>\n\t\t\t\tValence\/nuit\/24\/01\/2018 (michel dector)\n\t\t\t\t<\/dd><\/dl><dl class='gallery-item'>\n\t\t\t<dt class='gallery-icon portrait'>\n\t\t\t\t<a href='http:\/\/www.art-3.org\/art-contemporain\/dector-dupuy.php\/exif_jpeg_420'><img loading=\"lazy\" decoding=\"async\" width=\"150\" height=\"150\" src=\"http:\/\/www.art-3.org\/art-contemporain\/wp-content\/uploads\/2017\/12\/29-weiss-150x150.jpg\" class=\"attachment-thumbnail size-thumbnail\" alt=\"\" aria-describedby=\"gallery-2-4555\" \/><\/a>\n\t\t\t<\/dt>\n\t\t\t\t<dd class='wp-caption-text gallery-caption' id='gallery-2-4555'>\n\t\t\t\tFaventines revival. (kelly weiss).\n\t\t\t\t<\/dd><\/dl><dl class='gallery-item'>\n\t\t\t<dt class='gallery-icon portrait'>\n\t\t\t\t<a href='http:\/\/www.art-3.org\/art-contemporain\/dector-dupuy.php\/28-dector'><img loading=\"lazy\" decoding=\"async\" width=\"150\" height=\"150\" src=\"http:\/\/www.art-3.org\/art-contemporain\/wp-content\/uploads\/2017\/12\/28-dector-150x150.jpg\" class=\"attachment-thumbnail size-thumbnail\" alt=\"\" aria-describedby=\"gallery-2-4548\" \/><\/a>\n\t\t\t<\/dt>\n\t\t\t\t<dd class='wp-caption-text gallery-caption' id='gallery-2-4548'>\n\t\t\t\tApparition du 5 avril 2018\/ Pizzeria de la Pierre. Valence ( encore visible ). (michel dector).\n\t\t\t\t<\/dd><\/dl><br style=\"clear: both\" \/>\n\t\t<\/div>\n\n<div id='gallery-3' class='gallery galleryid-4235 gallery-columns-3 gallery-size-thumbnail'><dl class='gallery-item'>\n\t\t\t<dt class='gallery-icon landscape'>\n\t\t\t\t<a href='http:\/\/www.art-3.org\/art-contemporain\/dector-dupuy.php\/27-dector'><img loading=\"lazy\" decoding=\"async\" width=\"150\" height=\"150\" src=\"http:\/\/www.art-3.org\/art-contemporain\/wp-content\/uploads\/2017\/12\/27-dector-150x150.jpg\" class=\"attachment-thumbnail size-thumbnail\" alt=\"\" aria-describedby=\"gallery-3-4530\" srcset=\"http:\/\/www.art-3.org\/art-contemporain\/wp-content\/uploads\/2017\/12\/27-dector-150x150.jpg 150w, http:\/\/www.art-3.org\/art-contemporain\/wp-content\/uploads\/2017\/12\/27-dector-300x300.jpg 300w, http:\/\/www.art-3.org\/art-contemporain\/wp-content\/uploads\/2017\/12\/27-dector-768x768.jpg 768w, http:\/\/www.art-3.org\/art-contemporain\/wp-content\/uploads\/2017\/12\/27-dector-1024x1024.jpg 1024w\" sizes=\"auto, (max-width: 150px) 100vw, 150px\" \/><\/a>\n\t\t\t<\/dt>\n\t\t\t\t<dd class='wp-caption-text gallery-caption' id='gallery-3-4530'>\n\t\t\t\tSi\u00e8ge de bus, Valence. (michel dector).\n\t\t\t\t<\/dd><\/dl><dl class='gallery-item'>\n\t\t\t<dt class='gallery-icon portrait'>\n\t\t\t\t<a href='http:\/\/www.art-3.org\/art-contemporain\/dector-dupuy.php\/26-dector'><img loading=\"lazy\" decoding=\"async\" width=\"150\" height=\"150\" src=\"http:\/\/www.art-3.org\/art-contemporain\/wp-content\/uploads\/2017\/12\/26-dector-150x150.png\" class=\"attachment-thumbnail size-thumbnail\" alt=\"\" aria-describedby=\"gallery-3-4529\" \/><\/a>\n\t\t\t<\/dt>\n\t\t\t\t<dd class='wp-caption-text gallery-caption' id='gallery-3-4529'>\n\t\t\t\tGu\u00e9rilla urbaine. Autoroute du Sud, Valence. Une variante consiste \u00e0 utiliser ensemble deux r\u00e9actifs hypergoliques : la bouteille est ainsi remplie d&rsquo;un des r\u00e9actifs, tandis que le chiffon sera imbib\u00e9 de l&rsquo;autre. L&rsquo;avantage majeur \u00e9tant qu&rsquo;il n&rsquo;est dans ce cas pas n\u00e9cessaire d&rsquo;enflammer le chiffon : la r\u00e9action chimique qui d\u00e9coule du m\u00e9lange des deux substances se traduit par une violente explosion. Cette m\u00e9thode reste n\u00e9anmoins tr\u00e8s peu employ\u00e9e, du fait de la dangerosit\u00e9 de la pr\u00e9paration et de la manipulation d&rsquo;un tel projectile (Wikip\u00e9dia).(michel dector)\n\t\t\t\t<\/dd><\/dl><dl class='gallery-item'>\n\t\t\t<dt class='gallery-icon portrait'>\n\t\t\t\t<a href='http:\/\/www.art-3.org\/art-contemporain\/dector-dupuy.php\/25-dector'><img loading=\"lazy\" decoding=\"async\" width=\"150\" height=\"150\" src=\"http:\/\/www.art-3.org\/art-contemporain\/wp-content\/uploads\/2017\/12\/25-dector-150x150.png\" class=\"attachment-thumbnail size-thumbnail\" alt=\"\" aria-describedby=\"gallery-3-4528\" \/><\/a>\n\t\t\t<\/dt>\n\t\t\t\t<dd class='wp-caption-text gallery-caption' id='gallery-3-4528'>\n\t\t\t\tGu\u00e9rilla urbaine. Sauv\u00e9s de la balayeuse de voirie par les anfractuosit\u00e9s du sol. Place Aristide Briand, Valence. (michel dector).\n\t\t\t\t<\/dd><\/dl><br style=\"clear: both\" \/>\n\t\t<\/div>\n\n<div id='gallery-4' class='gallery galleryid-4235 gallery-columns-3 gallery-size-thumbnail'><dl class='gallery-item'>\n\t\t\t<dt class='gallery-icon landscape'>\n\t\t\t\t<a href='http:\/\/www.art-3.org\/art-contemporain\/dector-dupuy.php\/24-coste'><img loading=\"lazy\" decoding=\"async\" width=\"150\" height=\"150\" src=\"http:\/\/www.art-3.org\/art-contemporain\/wp-content\/uploads\/2017\/12\/24-coste-150x150.png\" class=\"attachment-thumbnail size-thumbnail\" alt=\"\" aria-describedby=\"gallery-4-4502\" \/><\/a>\n\t\t\t<\/dt>\n\t\t\t\t<dd class='wp-caption-text gallery-caption' id='gallery-4-4502'>\n\t\t\t\tSol v\u00e9g\u00e9talis\u00e9, Grenoble (claire coste)\n\t\t\t\t<\/dd><\/dl><dl class='gallery-item'>\n\t\t\t<dt class='gallery-icon landscape'>\n\t\t\t\t<a href='http:\/\/www.art-3.org\/art-contemporain\/dector-dupuy.php\/23-weiss'><img loading=\"lazy\" decoding=\"async\" width=\"150\" height=\"150\" src=\"http:\/\/www.art-3.org\/art-contemporain\/wp-content\/uploads\/2017\/12\/23-weiss-150x150.png\" class=\"attachment-thumbnail size-thumbnail\" alt=\"\" aria-describedby=\"gallery-4-4501\" \/><\/a>\n\t\t\t<\/dt>\n\t\t\t\t<dd class='wp-caption-text gallery-caption' id='gallery-4-4501'>\n\t\t\t\tnuage sous un volet (kelly weiss)\n\t\t\t\t<\/dd><\/dl><dl class='gallery-item'>\n\t\t\t<dt class='gallery-icon portrait'>\n\t\t\t\t<a href='http:\/\/www.art-3.org\/art-contemporain\/dector-dupuy.php\/22-dector'><img loading=\"lazy\" decoding=\"async\" width=\"150\" height=\"150\" src=\"http:\/\/www.art-3.org\/art-contemporain\/wp-content\/uploads\/2017\/12\/22-dector-150x150.png\" class=\"attachment-thumbnail size-thumbnail\" alt=\"\" aria-describedby=\"gallery-4-4459\" \/><\/a>\n\t\t\t<\/dt>\n\t\t\t\t<dd class='wp-caption-text gallery-caption' id='gallery-4-4459'>\n\t\t\t\tLa voix d\u2019Auchan. (michel dector)\n\t\t\t\t<\/dd><\/dl><br style=\"clear: both\" \/>\n\t\t<\/div>\n\n<div id='gallery-5' class='gallery galleryid-4235 gallery-columns-3 gallery-size-thumbnail'><dl class='gallery-item'>\n\t\t\t<dt class='gallery-icon landscape'>\n\t\t\t\t<a href='http:\/\/www.art-3.org\/art-contemporain\/dector-dupuy.php\/21-dector'><img loading=\"lazy\" decoding=\"async\" width=\"150\" height=\"150\" src=\"http:\/\/www.art-3.org\/art-contemporain\/wp-content\/uploads\/2017\/12\/21-dector-150x150.png\" class=\"attachment-thumbnail size-thumbnail\" alt=\"\" aria-describedby=\"gallery-5-4458\" \/><\/a>\n\t\t\t<\/dt>\n\t\t\t\t<dd class='wp-caption-text gallery-caption' id='gallery-5-4458'>\n\t\t\t\tRue d\u2019Ath\u00e8nes. Valence. (michel dector)\n\t\t\t\t<\/dd><\/dl><dl class='gallery-item'>\n\t\t\t<dt class='gallery-icon landscape'>\n\t\t\t\t<a href='http:\/\/www.art-3.org\/art-contemporain\/dector-dupuy.php\/20-weiss'><img loading=\"lazy\" decoding=\"async\" width=\"150\" height=\"150\" src=\"http:\/\/www.art-3.org\/art-contemporain\/wp-content\/uploads\/2017\/12\/20-weiss-150x150.png\" class=\"attachment-thumbnail size-thumbnail\" alt=\"\" aria-describedby=\"gallery-5-4456\" \/><\/a>\n\t\t\t<\/dt>\n\t\t\t\t<dd class='wp-caption-text gallery-caption' id='gallery-5-4456'>\n\t\t\t\tFatigue rue Faventines. (kelly weiss)\n\t\t\t\t<\/dd><\/dl><dl class='gallery-item'>\n\t\t\t<dt class='gallery-icon portrait'>\n\t\t\t\t<a href='http:\/\/www.art-3.org\/art-contemporain\/dector-dupuy.php\/19-dector'><img loading=\"lazy\" decoding=\"async\" width=\"150\" height=\"150\" src=\"http:\/\/www.art-3.org\/art-contemporain\/wp-content\/uploads\/2017\/12\/19-dector-150x150.png\" class=\"attachment-thumbnail size-thumbnail\" alt=\"\" aria-describedby=\"gallery-5-4455\" srcset=\"http:\/\/www.art-3.org\/art-contemporain\/wp-content\/uploads\/2017\/12\/19-dector-150x150.png 150w, http:\/\/www.art-3.org\/art-contemporain\/wp-content\/uploads\/2017\/12\/19-dector-298x300.png 298w, http:\/\/www.art-3.org\/art-contemporain\/wp-content\/uploads\/2017\/12\/19-dector-768x773.png 768w, http:\/\/www.art-3.org\/art-contemporain\/wp-content\/uploads\/2017\/12\/19-dector.png 968w\" sizes=\"auto, (max-width: 150px) 100vw, 150px\" \/><\/a>\n\t\t\t<\/dt>\n\t\t\t\t<dd class='wp-caption-text gallery-caption' id='gallery-5-4455'>\n\t\t\t\tL\u2019oiseau d\u2019or. Rue du Palais. Valence. (michel dector)\n\t\t\t\t<\/dd><\/dl><br style=\"clear: both\" \/>\n\t\t<\/div>\n\n<div id='gallery-6' class='gallery galleryid-4235 gallery-columns-3 gallery-size-thumbnail'><dl class='gallery-item'>\n\t\t\t<dt class='gallery-icon landscape'>\n\t\t\t\t<a href='http:\/\/www.art-3.org\/art-contemporain\/dector-dupuy.php\/18-kelly'><img loading=\"lazy\" decoding=\"async\" width=\"150\" height=\"150\" src=\"http:\/\/www.art-3.org\/art-contemporain\/wp-content\/uploads\/2017\/12\/18-kelly-150x150.png\" class=\"attachment-thumbnail size-thumbnail\" alt=\"\" aria-describedby=\"gallery-6-4446\" \/><\/a>\n\t\t\t<\/dt>\n\t\t\t\t<dd class='wp-caption-text gallery-caption' id='gallery-6-4446'>\n\t\t\t\tTrois temps. Place Saint Jean, Valence\nAncien parti communiste fran\u00e7ais. (kelly weiss)\n\t\t\t\t<\/dd><\/dl><dl class='gallery-item'>\n\t\t\t<dt class='gallery-icon portrait'>\n\t\t\t\t<a href='http:\/\/www.art-3.org\/art-contemporain\/dector-dupuy.php\/17-claire'><img loading=\"lazy\" decoding=\"async\" width=\"150\" height=\"150\" src=\"http:\/\/www.art-3.org\/art-contemporain\/wp-content\/uploads\/2017\/12\/17-claire-150x150.jpg\" class=\"attachment-thumbnail size-thumbnail\" alt=\"\" aria-describedby=\"gallery-6-4445\" \/><\/a>\n\t\t\t<\/dt>\n\t\t\t\t<dd class='wp-caption-text gallery-caption' id='gallery-6-4445'>\n\t\t\t\tAction shopping. Gestes, actions du consommateur sur vitrine. Poussi\u00e8re et mains grasses.Vue ext\u00e9rieure &#8211; vitrine Cama\u00efeu &#8211; rue Emile Augier, Valence. (claire coste)\n\t\t\t\t<\/dd><\/dl><dl class='gallery-item'>\n\t\t\t<dt class='gallery-icon portrait'>\n\t\t\t\t<a href='http:\/\/www.art-3.org\/art-contemporain\/dector-dupuy.php\/16-claire'><img loading=\"lazy\" decoding=\"async\" width=\"150\" height=\"150\" src=\"http:\/\/www.art-3.org\/art-contemporain\/wp-content\/uploads\/2017\/12\/16-claire-150x150.jpg\" class=\"attachment-thumbnail size-thumbnail\" alt=\"\" aria-describedby=\"gallery-6-4444\" \/><\/a>\n\t\t\t<\/dt>\n\t\t\t\t<dd class='wp-caption-text gallery-caption' id='gallery-6-4444'>\n\t\t\t\tPortrait profil encadr\u00e9. Place de la R\u00e9publique. Couloir de bus. Arr\u00eat \u00ab\u00a0R\u00e9publique\u00a0\u00bb. (claire coste)\n\t\t\t\t<\/dd><\/dl><br style=\"clear: both\" \/>\n\t\t<\/div>\n\n<div id='gallery-7' class='gallery galleryid-4235 gallery-columns-3 gallery-size-thumbnail'><dl class='gallery-item'>\n\t\t\t<dt class='gallery-icon portrait'>\n\t\t\t\t<a href='http:\/\/www.art-3.org\/art-contemporain\/dector-dupuy.php\/13-dector-option'><img loading=\"lazy\" decoding=\"async\" width=\"150\" height=\"150\" src=\"http:\/\/www.art-3.org\/art-contemporain\/wp-content\/uploads\/2017\/12\/13-dector-option-150x150.png\" class=\"attachment-thumbnail size-thumbnail\" alt=\"\" aria-describedby=\"gallery-7-4436\" \/><\/a>\n\t\t\t<\/dt>\n\t\t\t\t<dd class='wp-caption-text gallery-caption' id='gallery-7-4436'>\n\t\t\t\tOption. Mobilier urbain option Anti-Skate. Boulevard Maurice Clerc. (michel dector)\n\t\t\t\t<\/dd><\/dl><dl class='gallery-item'>\n\t\t\t<dt class='gallery-icon portrait'>\n\t\t\t\t<a href='http:\/\/www.art-3.org\/art-contemporain\/dector-dupuy.php\/14-dupuy'><img loading=\"lazy\" decoding=\"async\" width=\"150\" height=\"150\" src=\"http:\/\/www.art-3.org\/art-contemporain\/wp-content\/uploads\/2017\/12\/14-dupuy-150x150.png\" class=\"attachment-thumbnail size-thumbnail\" alt=\"\" aria-describedby=\"gallery-7-4437\" \/><\/a>\n\t\t\t<\/dt>\n\t\t\t\t<dd class='wp-caption-text gallery-caption' id='gallery-7-4437'>\n\t\t\t\tC&rsquo;est quand \u00e7a manque que \u00e7a peut arriver. Rue du Jeu de Paume. (michel dupuy)\n\t\t\t\t<\/dd><\/dl><dl class='gallery-item'>\n\t\t\t<dt class='gallery-icon portrait'>\n\t\t\t\t<a href='http:\/\/www.art-3.org\/art-contemporain\/dector-dupuy.php\/15-dector-rebel'><img loading=\"lazy\" decoding=\"async\" width=\"150\" height=\"150\" src=\"http:\/\/www.art-3.org\/art-contemporain\/wp-content\/uploads\/2017\/12\/15-dector-rebel-150x150.png\" class=\"attachment-thumbnail size-thumbnail\" alt=\"\" aria-describedby=\"gallery-7-4438\" srcset=\"http:\/\/www.art-3.org\/art-contemporain\/wp-content\/uploads\/2017\/12\/15-dector-rebel-150x150.png 150w, http:\/\/www.art-3.org\/art-contemporain\/wp-content\/uploads\/2017\/12\/15-dector-rebel-300x300.png 300w, http:\/\/www.art-3.org\/art-contemporain\/wp-content\/uploads\/2017\/12\/15-dector-rebel-768x771.png 768w, http:\/\/www.art-3.org\/art-contemporain\/wp-content\/uploads\/2017\/12\/15-dector-rebel.png 969w\" sizes=\"auto, (max-width: 150px) 100vw, 150px\" \/><\/a>\n\t\t\t<\/dt>\n\t\t\t\t<dd class='wp-caption-text gallery-caption' id='gallery-7-4438'>\n\t\t\t\tRebel. Sur une hirondelle de la mosa\u00efque du Boulevard du G\u00e9n\u00e9ral de Gaulle \u00e0 Valence. (michel dector)\n\t\t\t\t<\/dd><\/dl><br style=\"clear: both\" \/>\n\t\t<\/div>\n\n<div id='gallery-8' class='gallery galleryid-4235 gallery-columns-3 gallery-size-thumbnail'><dl class='gallery-item'>\n\t\t\t<dt class='gallery-icon landscape'>\n\t\t\t\t<a href='http:\/\/www.art-3.org\/art-contemporain\/dector-dupuy.php\/12-weiss'><img loading=\"lazy\" decoding=\"async\" width=\"150\" height=\"150\" src=\"http:\/\/www.art-3.org\/art-contemporain\/wp-content\/uploads\/2017\/12\/12-weiss-150x150.png\" class=\"attachment-thumbnail size-thumbnail\" alt=\"\" aria-describedby=\"gallery-8-4424\" \/><\/a>\n\t\t\t<\/dt>\n\t\t\t\t<dd class='wp-caption-text gallery-caption' id='gallery-8-4424'>\n\t\t\t\tD\u00e9teint au lavage, rue des Etables, Valence (kelly weiss)\n\t\t\t\t<\/dd><\/dl><dl class='gallery-item'>\n\t\t\t<dt class='gallery-icon landscape'>\n\t\t\t\t<a href='http:\/\/www.art-3.org\/art-contemporain\/dector-dupuy.php\/12-dector'><img loading=\"lazy\" decoding=\"async\" width=\"150\" height=\"150\" src=\"http:\/\/www.art-3.org\/art-contemporain\/wp-content\/uploads\/2017\/12\/12-dector-150x150.jpg\" class=\"attachment-thumbnail size-thumbnail\" alt=\"\" aria-describedby=\"gallery-8-4423\" srcset=\"http:\/\/www.art-3.org\/art-contemporain\/wp-content\/uploads\/2017\/12\/12-dector-150x150.jpg 150w, http:\/\/www.art-3.org\/art-contemporain\/wp-content\/uploads\/2017\/12\/12-dector-300x300.jpg 300w, http:\/\/www.art-3.org\/art-contemporain\/wp-content\/uploads\/2017\/12\/12-dector-768x768.jpg 768w, http:\/\/www.art-3.org\/art-contemporain\/wp-content\/uploads\/2017\/12\/12-dector-1024x1024.jpg 1024w, http:\/\/www.art-3.org\/art-contemporain\/wp-content\/uploads\/2017\/12\/12-dector.jpg 1364w\" sizes=\"auto, (max-width: 150px) 100vw, 150px\" \/><\/a>\n\t\t\t<\/dt>\n\t\t\t\t<dd class='wp-caption-text gallery-caption' id='gallery-8-4423'>\n\t\t\t\t50% m\u00e2chouill\u00e9. 3 rue Gutenberg. Valence (michel dector).\n\t\t\t\t<\/dd><\/dl><dl class='gallery-item'>\n\t\t\t<dt class='gallery-icon portrait'>\n\t\t\t\t<a href='http:\/\/www.art-3.org\/art-contemporain\/dector-dupuy.php\/11-dector'><img loading=\"lazy\" decoding=\"async\" width=\"150\" height=\"150\" src=\"http:\/\/www.art-3.org\/art-contemporain\/wp-content\/uploads\/2017\/12\/11-dector-150x150.png\" class=\"attachment-thumbnail size-thumbnail\" alt=\"\" aria-describedby=\"gallery-8-4403\" srcset=\"http:\/\/www.art-3.org\/art-contemporain\/wp-content\/uploads\/2017\/12\/11-dector-150x150.png 150w, http:\/\/www.art-3.org\/art-contemporain\/wp-content\/uploads\/2017\/12\/11-dector-298x300.png 298w, http:\/\/www.art-3.org\/art-contemporain\/wp-content\/uploads\/2017\/12\/11-dector-768x772.png 768w, http:\/\/www.art-3.org\/art-contemporain\/wp-content\/uploads\/2017\/12\/11-dector.png 970w\" sizes=\"auto, (max-width: 150px) 100vw, 150px\" \/><\/a>\n\t\t\t<\/dt>\n\t\t\t\t<dd class='wp-caption-text gallery-caption' id='gallery-8-4403'>\n\t\t\t\tBabel-\u00e9meri . Valence, mars 2018 (michel dector).\n\t\t\t\t<\/dd><\/dl><br style=\"clear: both\" \/>\n\t\t<\/div>\n\n<div id='gallery-9' class='gallery galleryid-4235 gallery-columns-3 gallery-size-thumbnail'><dl class='gallery-item'>\n\t\t\t<dt class='gallery-icon landscape'>\n\t\t\t\t<a href='http:\/\/www.art-3.org\/art-contemporain\/dector-dupuy.php\/10-weiss'><img loading=\"lazy\" decoding=\"async\" width=\"150\" height=\"150\" src=\"http:\/\/www.art-3.org\/art-contemporain\/wp-content\/uploads\/2017\/12\/10-weiss-150x150.png\" class=\"attachment-thumbnail size-thumbnail\" alt=\"\" aria-describedby=\"gallery-9-4422\" \/><\/a>\n\t\t\t<\/dt>\n\t\t\t\t<dd class='wp-caption-text gallery-caption' id='gallery-9-4422'>\n\t\t\t\tBar PMU du Carrefour\u200b &#8211; Rue Pont du Gat, Valence, Mur de l&rsquo;immeuble d&rsquo;en face. (kelly weiss).\n\t\t\t\t<\/dd><\/dl><dl class='gallery-item'>\n\t\t\t<dt class='gallery-icon portrait'>\n\t\t\t\t<a href='http:\/\/www.art-3.org\/art-contemporain\/dector-dupuy.php\/10-dupuy'><img loading=\"lazy\" decoding=\"async\" width=\"150\" height=\"150\" src=\"http:\/\/www.art-3.org\/art-contemporain\/wp-content\/uploads\/10-dupuy-150x150.png\" class=\"attachment-thumbnail size-thumbnail\" alt=\"\" aria-describedby=\"gallery-9-4399\" \/><\/a>\n\t\t\t<\/dt>\n\t\t\t\t<dd class='wp-caption-text gallery-caption' id='gallery-9-4399'>\n\t\t\t\tNoir silex. A Valence, la nuit, certaines flaques ressemblent \u00e0 des pointes de fl\u00e8ches pr\u00e9historiques qu\u2019on peut voir au mus\u00e9e. (michel dupuy)\n\t\t\t\t<\/dd><\/dl><dl class='gallery-item'>\n\t\t\t<dt class='gallery-icon landscape'>\n\t\t\t\t<a href='http:\/\/www.art-3.org\/art-contemporain\/dector-dupuy.php\/09-dector'><img loading=\"lazy\" decoding=\"async\" width=\"150\" height=\"150\" src=\"http:\/\/www.art-3.org\/art-contemporain\/wp-content\/uploads\/09-dector-150x150.png\" class=\"attachment-thumbnail size-thumbnail\" alt=\"\" aria-describedby=\"gallery-9-4396\" \/><\/a>\n\t\t\t<\/dt>\n\t\t\t\t<dd class='wp-caption-text gallery-caption' id='gallery-9-4396'>\n\t\t\t\tPhysiologie v\u00e9g\u00e9tale, 37 rue Berthelot. Valence.  C&rsquo;est dans une tour de 28 m\u00e8tres, install\u00e9e dans les potagers de l&rsquo;ancien ch\u00e2teau de Meudon que Marcellin Berthelot \u00e9tudie l&rsquo;effet de l&rsquo;altitude sur le potentiel \u00e9lectrique des plantes soumises \u00e0 diff\u00e9rentes hauteurs. (michel dector)\n\t\t\t\t<\/dd><\/dl><br style=\"clear: both\" \/>\n\t\t<\/div>\n\n<div id='gallery-10' class='gallery galleryid-4235 gallery-columns-3 gallery-size-thumbnail'><dl class='gallery-item'>\n\t\t\t<dt class='gallery-icon landscape'>\n\t\t\t\t<a href='http:\/\/www.art-3.org\/art-contemporain\/dector-dupuy.php\/08-dector'><img loading=\"lazy\" decoding=\"async\" width=\"150\" height=\"150\" src=\"http:\/\/www.art-3.org\/art-contemporain\/wp-content\/uploads\/08-dector-150x150.png\" class=\"attachment-thumbnail size-thumbnail\" alt=\"\" aria-describedby=\"gallery-10-4369\" \/><\/a>\n\t\t\t<\/dt>\n\t\t\t\t<dd class='wp-caption-text gallery-caption' id='gallery-10-4369'>\n\t\t\t\tLe vent. (michel dector)\n\t\t\t\t<\/dd><\/dl><dl class='gallery-item'>\n\t\t\t<dt class='gallery-icon portrait'>\n\t\t\t\t<a href='http:\/\/www.art-3.org\/art-contemporain\/dector-dupuy.php\/07-dector'><img loading=\"lazy\" decoding=\"async\" width=\"150\" height=\"150\" src=\"http:\/\/www.art-3.org\/art-contemporain\/wp-content\/uploads\/07-dector-150x150.png\" class=\"attachment-thumbnail size-thumbnail\" alt=\"\" aria-describedby=\"gallery-10-4359\" srcset=\"http:\/\/www.art-3.org\/art-contemporain\/wp-content\/uploads\/07-dector-150x150.png 150w, http:\/\/www.art-3.org\/art-contemporain\/wp-content\/uploads\/07-dector-298x300.png 298w, http:\/\/www.art-3.org\/art-contemporain\/wp-content\/uploads\/07-dector-768x774.png 768w, http:\/\/www.art-3.org\/art-contemporain\/wp-content\/uploads\/07-dector.png 966w\" sizes=\"auto, (max-width: 150px) 100vw, 150px\" \/><\/a>\n\t\t\t<\/dt>\n\t\t\t\t<dd class='wp-caption-text gallery-caption' id='gallery-10-4359'>\n\t\t\t\tnoir &#038; blanc. Valence, 24\/01\/2018. (michel dector) \n\t\t\t\t<\/dd><\/dl><dl class='gallery-item'>\n\t\t\t<dt class='gallery-icon portrait'>\n\t\t\t\t<a href='http:\/\/www.art-3.org\/art-contemporain\/dector-dupuy.php\/06-dector'><img loading=\"lazy\" decoding=\"async\" width=\"150\" height=\"150\" src=\"http:\/\/www.art-3.org\/art-contemporain\/wp-content\/uploads\/06-dector-150x150.png\" class=\"attachment-thumbnail size-thumbnail\" alt=\"\" aria-describedby=\"gallery-10-4358\" srcset=\"http:\/\/www.art-3.org\/art-contemporain\/wp-content\/uploads\/06-dector-150x150.png 150w, http:\/\/www.art-3.org\/art-contemporain\/wp-content\/uploads\/06-dector-298x300.png 298w, http:\/\/www.art-3.org\/art-contemporain\/wp-content\/uploads\/06-dector-768x774.png 768w, http:\/\/www.art-3.org\/art-contemporain\/wp-content\/uploads\/06-dector.png 971w\" sizes=\"auto, (max-width: 150px) 100vw, 150px\" \/><\/a>\n\t\t\t<\/dt>\n\t\t\t\t<dd class='wp-caption-text gallery-caption' id='gallery-10-4358'>\n\t\t\t\t\u2026\u00ab Le noir en d\u00e9co : tr\u00e8s rare sur les murs, il est plus souvent utilis\u00e9 pour le mobilier moderne et design. Il permet aussi de provoquer des contrastes et de mettre en valeur les couleurs qui prennent place \u00e0 ses c\u00f4t\u00e9s \u00bb\u2026( marie-claire maison, 13\/06\/2017).\n\t\t\t\t<\/dd><\/dl><br style=\"clear: both\" \/>\n\t\t<\/div>\n\n<p>&nbsp;<\/p>\n<div id='gallery-11' class='gallery galleryid-4235 gallery-columns-3 gallery-size-thumbnail'><dl class='gallery-item'>\n\t\t\t<dt class='gallery-icon portrait'>\n\t\t\t\t<a href='http:\/\/www.art-3.org\/art-contemporain\/dector-dupuy.php\/img_20180128_190825'><img loading=\"lazy\" decoding=\"async\" width=\"150\" height=\"150\" src=\"http:\/\/www.art-3.org\/art-contemporain\/wp-content\/uploads\/IMG_20180128_190825-150x150.jpg\" class=\"attachment-thumbnail size-thumbnail\" alt=\"\" aria-describedby=\"gallery-11-4388\" \/><\/a>\n\t\t\t<\/dt>\n\t\t\t\t<dd class='wp-caption-text gallery-caption' id='gallery-11-4388'>\n\t\t\t\tPhoto prise rue H\u00f4tel Colbert Paris 5\u00e8me 28\/01\/2018 &#8211; Claire Coste\n\t\t\t\t<\/dd><\/dl><dl class='gallery-item'>\n\t\t\t<dt class='gallery-icon portrait'>\n\t\t\t\t<a href='http:\/\/www.art-3.org\/art-contemporain\/dector-dupuy.php\/05-la'><img loading=\"lazy\" decoding=\"async\" width=\"150\" height=\"150\" src=\"http:\/\/www.art-3.org\/art-contemporain\/wp-content\/uploads\/05-LA-150x150.png\" class=\"attachment-thumbnail size-thumbnail\" alt=\"\" aria-describedby=\"gallery-11-4334\" \/><\/a>\n\t\t\t<\/dt>\n\t\t\t\t<dd class='wp-caption-text gallery-caption' id='gallery-11-4334'>\n\t\t\t\tLA tout.e seul.e sur un mur \u00e0 Valence en janvier 2018 (michel dector) Petit Robert: n.f. : 14494 n.m. : 19000\n\t\t\t\t<\/dd><\/dl><dl class='gallery-item'>\n\t\t\t<dt class='gallery-icon portrait'>\n\t\t\t\t<a href='http:\/\/www.art-3.org\/art-contemporain\/dector-dupuy.php\/04-eclipse'><img loading=\"lazy\" decoding=\"async\" width=\"150\" height=\"150\" src=\"http:\/\/www.art-3.org\/art-contemporain\/wp-content\/uploads\/04-e\u0301clipse-150x150.png\" class=\"attachment-thumbnail size-thumbnail\" alt=\"\" aria-describedby=\"gallery-11-4333\" \/><\/a>\n\t\t\t<\/dt>\n\t\t\t\t<dd class='wp-caption-text gallery-caption' id='gallery-11-4333'>\n\t\t\t\t1 \u2013 \u00e9clipse. 2 \u2013 r\u00e9volutions, Angle de la rue Madier de Montjau et de la rue Juiverie (michel dupuy)\n\t\t\t\t<\/dd><\/dl><br style=\"clear: both\" \/>\n\t\t<\/div>\n\n<div id='gallery-12' class='gallery galleryid-4235 gallery-columns-3 gallery-size-thumbnail'><dl class='gallery-item'>\n\t\t\t<dt class='gallery-icon landscape'>\n\t\t\t\t<a href='http:\/\/www.art-3.org\/art-contemporain\/dector-dupuy.php\/01-tigre'><img loading=\"lazy\" decoding=\"async\" width=\"150\" height=\"150\" src=\"http:\/\/www.art-3.org\/art-contemporain\/wp-content\/uploads\/01-tigre-150x150.png\" class=\"attachment-thumbnail size-thumbnail\" alt=\"\" aria-describedby=\"gallery-12-4330\" \/><\/a>\n\t\t\t<\/dt>\n\t\t\t\t<dd class='wp-caption-text gallery-caption' id='gallery-12-4330'>\n\t\t\t\t\nLe tigre . Rue Honor\u00e9 de Balzac. Valence. (Michel Dector)\n\nLe lord aimait beaucoup cet enfant: son tigre \u00e9tait une curiosit\u00e9, personne \u00e0 Londres \nn&rsquo;avait de tigre si petit ( Balzac, La Maison Nucingen, 1838, p. 607 Cnrtl).\n\n\t\t\t\t<\/dd><\/dl><dl class='gallery-item'>\n\t\t\t<dt class='gallery-icon landscape'>\n\t\t\t\t<a href='http:\/\/www.art-3.org\/art-contemporain\/dector-dupuy.php\/02-2'><img loading=\"lazy\" decoding=\"async\" width=\"150\" height=\"150\" src=\"http:\/\/www.art-3.org\/art-contemporain\/wp-content\/uploads\/02-150x150.png\" class=\"attachment-thumbnail size-thumbnail\" alt=\"\" aria-describedby=\"gallery-12-4331\" \/><\/a>\n\t\t\t<\/dt>\n\t\t\t\t<dd class='wp-caption-text gallery-caption' id='gallery-12-4331'>\n\t\t\t\tValence. 23 janvier 2018 (michel dector).\n\t\t\t\t<\/dd><\/dl><dl class='gallery-item'>\n\t\t\t<dt class='gallery-icon portrait'>\n\t\t\t\t<a href='http:\/\/www.art-3.org\/art-contemporain\/dector-dupuy.php\/attachment\/03'><img loading=\"lazy\" decoding=\"async\" width=\"150\" height=\"150\" src=\"http:\/\/www.art-3.org\/art-contemporain\/wp-content\/uploads\/03-150x150.png\" class=\"attachment-thumbnail size-thumbnail\" alt=\"\" \/><\/a>\n\t\t\t<\/dt><\/dl><br style=\"clear: both\" \/>\n\t\t<\/div>\n\n<p>&nbsp;<\/p>\n<div id='gallery-13' class='gallery galleryid-4235 gallery-columns-3 gallery-size-thumbnail'><dl class='gallery-item'>\n\t\t\t<dt class='gallery-icon landscape'>\n\t\t\t\t<a href='http:\/\/www.art-3.org\/art-contemporain\/dector-dupuy.php\/07-dupuy-plaque-recollee-detail'><img loading=\"lazy\" decoding=\"async\" width=\"150\" height=\"150\" src=\"http:\/\/www.art-3.org\/art-contemporain\/wp-content\/uploads\/07-dupuy-Plaque-recolle\u0301e-de\u0301tail-150x150.jpeg\" class=\"attachment-thumbnail size-thumbnail\" alt=\"\" aria-describedby=\"gallery-13-4242\" \/><\/a>\n\t\t\t<\/dt>\n\t\t\t\t<dd class='wp-caption-text gallery-caption' id='gallery-13-4242'>\n\t\t\t\tCette plaque a \u00e9t\u00e9 bris\u00e9e, puis recoll\u00e9e.\u2028 Sur les quatre vis qui la maintenaient, il n\u2019en reste plus que deux.\u2028 L\u2019un des trous (en haut \u00e0 gauche) a disparu.\nUne restauration peinte a \u00e9t\u00e9 faite sur la lettre E du mot SCELLER : on peut voir que la couleur est l\u00e9g\u00e8rement plus claire et plus ros\u00e9e.\u2028 \n\t\t\t\t<\/dd><\/dl><dl class='gallery-item'>\n\t\t\t<dt class='gallery-icon landscape'>\n\t\t\t\t<a href='http:\/\/www.art-3.org\/art-contemporain\/dector-dupuy.php\/06-dupuy-plaque-commemorative'><img loading=\"lazy\" decoding=\"async\" width=\"150\" height=\"150\" src=\"http:\/\/www.art-3.org\/art-contemporain\/wp-content\/uploads\/06-dupuy-plaque-commemorative-150x150.jpeg\" class=\"attachment-thumbnail size-thumbnail\" alt=\"\" aria-describedby=\"gallery-13-4241\" \/><\/a>\n\t\t\t<\/dt>\n\t\t\t\t<dd class='wp-caption-text gallery-caption' id='gallery-13-4241'>\n\t\t\t\tUne autre intervention a eu lieu sur la premi\u00e8re lettre du nom du maire d\u2019Itchevan.\u2028 Le bas de la premi\u00e8re lettre a \u00e9t\u00e9 repeint pour restaurer la lettre C.\u2028 Mais c\u2019est un G qui aurait d\u00fb \u00eatre restaur\u00e9 : le nom du maire est ARMEN GOULARIAN.\u2028 La trace de la barre du G est encore bien visible dans le ciment qui a servi \u00e0 restaurer la plaque. (michel dupuy)\n\t\t\t\t<\/dd><\/dl><dl class='gallery-item'>\n\t\t\t<dt class='gallery-icon landscape'>\n\t\t\t\t<a href='http:\/\/www.art-3.org\/art-contemporain\/dector-dupuy.php\/05-dector-verre-rho%cc%82ne'><img loading=\"lazy\" decoding=\"async\" width=\"150\" height=\"150\" src=\"http:\/\/www.art-3.org\/art-contemporain\/wp-content\/uploads\/05-dector-verre-rho\u0302ne-e1520936779309-150x150.jpg\" class=\"attachment-thumbnail size-thumbnail\" alt=\"\" aria-describedby=\"gallery-13-4240\" srcset=\"http:\/\/www.art-3.org\/art-contemporain\/wp-content\/uploads\/05-dector-verre-rho\u0302ne-e1520936779309-150x150.jpg 150w, http:\/\/www.art-3.org\/art-contemporain\/wp-content\/uploads\/05-dector-verre-rho\u0302ne-e1520936779309-300x300.jpg 300w, http:\/\/www.art-3.org\/art-contemporain\/wp-content\/uploads\/05-dector-verre-rho\u0302ne-e1520936779309-768x768.jpg 768w, http:\/\/www.art-3.org\/art-contemporain\/wp-content\/uploads\/05-dector-verre-rho\u0302ne-e1520936779309-1024x1024.jpg 1024w, http:\/\/www.art-3.org\/art-contemporain\/wp-content\/uploads\/05-dector-verre-rho\u0302ne-e1520936779309.jpg 1906w\" sizes=\"auto, (max-width: 150px) 100vw, 150px\" \/><\/a>\n\t\t\t<\/dt>\n\t\t\t\t<dd class='wp-caption-text gallery-caption' id='gallery-13-4240'>\n\t\t\t\t#verre du Rh\u00f4ne #rep\u00e9rage art3 # Valence. (michel dector).\n\t\t\t\t<\/dd><\/dl><br style=\"clear: both\" \/>\n\t\t<\/div>\n\n<div id='gallery-14' class='gallery galleryid-4235 gallery-columns-3 gallery-size-thumbnail'><dl class='gallery-item'>\n\t\t\t<dt class='gallery-icon landscape'>\n\t\t\t\t<a href='http:\/\/www.art-3.org\/art-contemporain\/dector-dupuy.php\/02-dupuy-home'><img loading=\"lazy\" decoding=\"async\" width=\"150\" height=\"150\" src=\"http:\/\/www.art-3.org\/art-contemporain\/wp-content\/uploads\/02-dupuy-HOME-150x150.jpeg\" class=\"attachment-thumbnail size-thumbnail\" alt=\"\" aria-describedby=\"gallery-14-4237\" \/><\/a>\n\t\t\t<\/dt>\n\t\t\t\t<dd class='wp-caption-text gallery-caption' id='gallery-14-4237'>\n\t\t\t\tSur la digue entre le port de l\u2019Epervi\u00e8re et la ville de Valence. Les lichens semblent tracer une inscription : HOME. Dr\u00f4le d\u2019endroit pour parler de son chez-soi. Pourtant une fois qu\u2019on la vu, difficile de lire autre chose. (michel dupuy).\n\t\t\t\t<\/dd><\/dl><dl class='gallery-item'>\n\t\t\t<dt class='gallery-icon landscape'>\n\t\t\t\t<a href='http:\/\/www.art-3.org\/art-contemporain\/dector-dupuy.php\/04-dector-flamme-feu'><img loading=\"lazy\" decoding=\"async\" width=\"150\" height=\"150\" src=\"http:\/\/www.art-3.org\/art-contemporain\/wp-content\/uploads\/04-dector-flamme-feu-150x150.jpg\" class=\"attachment-thumbnail size-thumbnail\" alt=\"\" aria-describedby=\"gallery-14-4239\" srcset=\"http:\/\/www.art-3.org\/art-contemporain\/wp-content\/uploads\/04-dector-flamme-feu-150x150.jpg 150w, http:\/\/www.art-3.org\/art-contemporain\/wp-content\/uploads\/04-dector-flamme-feu-300x300.jpg 300w, http:\/\/www.art-3.org\/art-contemporain\/wp-content\/uploads\/04-dector-flamme-feu-768x768.jpg 768w, http:\/\/www.art-3.org\/art-contemporain\/wp-content\/uploads\/04-dector-flamme-feu-1024x1024.jpg 1024w\" sizes=\"auto, (max-width: 150px) 100vw, 150px\" \/><\/a>\n\t\t\t<\/dt>\n\t\t\t\t<dd class='wp-caption-text gallery-caption' id='gallery-14-4239'>\n\t\t\t\tPhoto 2 : Presqu\u2019en face, sur l\u2019autre berge, les restes d\u2019un feu de camp. (michel dector).\n\t\t\t\t<\/dd><\/dl><dl class='gallery-item'>\n\t\t\t<dt class='gallery-icon landscape'>\n\t\t\t\t<a href='http:\/\/www.art-3.org\/art-contemporain\/dector-dupuy.php\/03-dector-flamme-feu'><img loading=\"lazy\" decoding=\"async\" width=\"150\" height=\"150\" src=\"http:\/\/www.art-3.org\/art-contemporain\/wp-content\/uploads\/03-dector-flamme-feu-150x150.jpeg\" class=\"attachment-thumbnail size-thumbnail\" alt=\"\" aria-describedby=\"gallery-14-4238\" srcset=\"http:\/\/www.art-3.org\/art-contemporain\/wp-content\/uploads\/03-dector-flamme-feu-150x150.jpeg 150w, http:\/\/www.art-3.org\/art-contemporain\/wp-content\/uploads\/03-dector-flamme-feu-300x300.jpeg 300w, http:\/\/www.art-3.org\/art-contemporain\/wp-content\/uploads\/03-dector-flamme-feu-768x768.jpeg 768w, http:\/\/www.art-3.org\/art-contemporain\/wp-content\/uploads\/03-dector-flamme-feu-1024x1024.jpeg 1024w, http:\/\/www.art-3.org\/art-contemporain\/wp-content\/uploads\/03-dector-flamme-feu-e1520936854611.jpeg 226w\" sizes=\"auto, (max-width: 150px) 100vw, 150px\" \/><\/a>\n\t\t\t<\/dt>\n\t\t\t\t<dd class='wp-caption-text gallery-caption' id='gallery-14-4238'>\n\t\t\t\tPhoto 1: Sur la berge du Rh\u00f4ne, c\u00f4t\u00e9 Guilherand-Granges, \u00ab La flamme de la r\u00e9sistance ne s\u2019est pas \u00e9teinte et ne s\u2019\u00e9teindra jamais \u00bb, sculpture de Robert Marion.\n\n\t\t\t\t<\/dd><\/dl><br style=\"clear: both\" \/>\n\t\t<\/div>\n\n<div id='gallery-15' class='gallery galleryid-4235 gallery-columns-3 gallery-size-thumbnail'><dl class='gallery-item'>\n\t\t\t<dt class='gallery-icon landscape'>\n\t\t\t\t<a href='http:\/\/www.art-3.org\/art-contemporain\/dector-dupuy.php\/01-dector-eperviere'><img loading=\"lazy\" decoding=\"async\" width=\"150\" height=\"150\" src=\"http:\/\/www.art-3.org\/art-contemporain\/wp-content\/uploads\/01-dector-e\u0301pervie\u0300re-150x150.jpg\" class=\"attachment-thumbnail size-thumbnail\" alt=\"\" aria-describedby=\"gallery-15-4236\" srcset=\"http:\/\/www.art-3.org\/art-contemporain\/wp-content\/uploads\/01-dector-e\u0301pervie\u0300re-150x150.jpg 150w, http:\/\/www.art-3.org\/art-contemporain\/wp-content\/uploads\/01-dector-e\u0301pervie\u0300re-300x300.jpg 300w, http:\/\/www.art-3.org\/art-contemporain\/wp-content\/uploads\/01-dector-e\u0301pervie\u0300re-768x768.jpg 768w, http:\/\/www.art-3.org\/art-contemporain\/wp-content\/uploads\/01-dector-e\u0301pervie\u0300re-1024x1024.jpg 1024w\" sizes=\"auto, (max-width: 150px) 100vw, 150px\" \/><\/a>\n\t\t\t<\/dt>\n\t\t\t\t<dd class='wp-caption-text gallery-caption' id='gallery-15-4236'>\n\t\t\t\tRamass\u00e9 sur le Pont des l\u00f4nes et d\u00e9pos\u00e9 sur la grille d\u2019un \u00e9dicule en face du CNR au Port de l\u2019\u00c9pervi\u00e8re en face de CNR mercredi 28\/11. (michel dector).\n\t\t\t\t<\/dd><\/dl>\n\t\t\t<br style='clear: both' \/>\n\t\t<\/div>\n\n<div class=\"pdf24Plugin-cp\"> \t<form name=\"pdf24Form0\" method=\"post\" target=\"pdf24PopWin\" action=\"https:\/\/doc2pdf.pdf24.org\/wordpress.php\"><input type=\"hidden\" name=\"blogCharset\" value=\"Cw1x07UAAA==\" \/><input type=\"hidden\" name=\"blogPosts\" value=\"MwQA\" \/><input type=\"hidden\" name=\"blogUrl\" value=\"yygpKbDS1y8vL9dLLCrRNdbLL0rXB7GS8\/NKUnML8osSM\/MA\" \/><input type=\"hidden\" name=\"blogName\" value=\"SywqMQYA\" \/><input type=\"hidden\" name=\"blogValueEncoding\" value=\"gzdeflate base64\" \/><input type=\"hidden\" name=\"postId_0\" value=\"MzEyNgUA\" \/><input type=\"hidden\" name=\"postTitle_0\" value=\"S0lNLskvUlBTNjC2sFZIKS0orQQA\" \/><input type=\"hidden\" name=\"postLink_0\" value=\"yygpKbDS1y8vL9dLLCrRNdbLL0rXB7GS8\/NKUnML8osSM\/P0U1KTS\/KLdFNKC0or9QoyCgA=\" \/><input type=\"hidden\" name=\"postAuthor_0\" value=\"SywqMQYA\" \/><input type=\"hidden\" name=\"postDateTime_0\" value=\"MzIwtNA1MNY1NFUwNLEyMLYytgQA\" \/><input type=\"hidden\" name=\"postContent_0\" value=\"3T1Lcxs3k+foV6DkSmxXkRSHL1GO7SpZcZRkJUdlb7KHra0UOAOScOZlYEBLPjl729rjnr5b6jvsZ22qdi+55ea5+lf4l2x3AzMkJfkRe8aa6GBLFGcajX6hu9Fo3A7kgsngzvUZD0OhTtredeaHXOvyL8z9lEF70OsPi49tPwlNFOt2v\/yLls9EO5ubaBJzGV6\/ezsIz8Bqy0xE1+9ufPbZZ7eD7NyXfhKzNFGZ4jKzT312m7O5EtM71+dZlt7a2nr69GmHq6zd7yRqtoW\/wUsAFF7jMt4KhJ8lqh2Y1Jx00nm61ffa9m+AjoxmLEx4IOPZnc2QPzvZZPBdYj9zfRL7m+ypDLL5nU1v2N1kcyFn88x90Mq\/s\/l+SDxN7ec42zIpDqi3el1ve8vrLdFpA9Bj+Nd5nM42HSE2eZZxfx7Bi0sysnWqbjIeAkrwQ0kOsLSv5EQEk5M7myUH24PhDmC8dff2Fre03goyR84gKKiOWPI0k0nczsRxtuSr\/eP1dakgmI4nuyoUmm2xe4kKWGDYw3n+eyzYVndnqzvCqY43dqdTLpVghzL8mdOjRs3aYf5Ct3\/koYh9sRXkp76IJvBQr9v12I1I+nMRMkuem52Ngy+UfmKSL7kDFSGozlQxoTNmYgYknoYyY0+MZJwlaZro\/JSFHL4wmVEyf1GOf68DYC\/AocXyX\/GNyISZjDlOG75gPMpPlfSBlYL9k+LTjH2dJIFu4ZC+UDGPMxYW2GUZMMDgqzgGAEtVksLopxlgA8SJkwi\/CJII4b38bTmPl38QxGmiYDxkOuOGBSqBOQFfWcTVEwM\/Rcy+VhwG7mzcj5mYTkXWwj+u06\/FDnnAo3LGJpCRVEw7NAEd0Cm2MCyZThV84ScRPOzzQOCggj1I8t9ClnJ4hcacwiQ1A2Ks419iTyhkSAlAki0kUAG+hQc1EIL7mYQ\/IQGEY4fosAPBZvkpvoKEKugXSpw6cXiN1iUZ6SsgpD9PwOTwzM6wBTznYaI0UzyVgSD6TXGOqRJaIzu0UWfFIQURAITd2CJEZk94HCRxfJ53y8mCMArmDZAlGqk9bCGrJgAYn8qAZZrxWNNsBRHkMBIgdBx+hwlOASKSS5uJzpCTLChm78+5ii3yj4FlvqTZCoILX\/n5i5C+BdhyIRTKoMgywNopBcfRzQLgI93z01SGycwAse9JGBAxKQkdIF1W1AhpZWeaTMBWGeJexGNLqTA\/naEuACr4q8yATS38RDCBzdJiAZqCHAXyxUYCeG584ybEz\/MM1JbUBdSMTeHF\/B8cScfAkAALnLzkp4FQF2gSDSnBrgLFsuU8\/owKn5UqYrpVNBp6Dd3OBrK9xBe+nwHKAeJQsBH0hiNCAOsGvCy1JBWyI5Kwac4UsMVk3JqIkvE+zBmmiZoOuhXxGapdhvMDzPP\/AY7np6EAzuqbHIWHFB9tn4SpLWUYDAp8CUNooRbICXgIrFEoNVmpt+jvYbRiHrnVHeAPrGJhIgGPxwbGItFdtUZgdQAiUXoBHy0AYF6GlNSJ79i1SnO01+t0f\/lHh30F2hgaEOhwncYlQeOCVEwJIgSDuVrxAmRNRuRfHSdAFSzE3dHAEt1aYYsrLhfiWGqyhxPUEk50A\/RhfdW6YCySBwiDqJYr0SLxOanmCt2sEUJjHHJgA7uFaMKczhvy8Itr4563\/SX5CYA+2aflgyTxoOJoi5AqJKygzQnqvkIKTxRgQBoJX8ZJG78Ec03fAQL5P4wmfA95\/r8ZUPA+yDIQGGwQPIBqYiSZzelUqrNChI7G9X\/lM6SAzP4NWeqX0ookxxlKsqtuzRIXLlctKwzoyAkwj0rMFBqsc1YX38r\/YCDoaJZhCjBefirQvrGZiJ1ygtmZCbRSOAM+AYoF1jqidusEZKlljSWxUMKfubWXQBZSisQECJ+TPQEDMwMJJaEAOm1sfC1j9zwtZ3yhgAxg30etVQ4D1KmMJQo8gQYm4XIE01RnBFAUkuSj6pe6nqbk17AfgbvgwgH3ljJlNGi+4z68FQp4cSGTkKy8kxAyfKW907Doh0SPBRDAmXDHnSlMyvp5W0EA7l8QWv9vAq9lJ6G4c90PBVe3YO3K5tfBQ9ygR+Xi7sbG7bORQO+SIwGYZKDBGxVVhQLdZoUC3bOhQBpXHQr0wG3f3qk2FLAwHU8KZx4W\/2yrN9jqeuT\/n\/Xmz8hkEwJDWAOmPz1OxeynQa\/bDIno7bSfCjDANcaGyLzhsHqBGA4dW77mC0ARPA1wzMVCLnjYYTd+Bpt\/wmhuENg1TxZ640ZZhhKdmgVhMK5eEAbjIkmQwqorC\/9rWC6u3niLHclnzwSg5ta9I4kOX4c5Y8JuwGIM7jGGlVpOYAG82TmfHjgjReUKt7mywm2+Y4XrX7EVrrfdLDnerl+O+yBzfYuxFlldSDP4+bTFKgTe73aP4R8Bh5\/VAt8ejY\/hHwGHn9UC97q9wTH+ZwkDvzzdJL4hT02WtEBX+XGbZOsWEi49vgmPdReABn2q1uhYAXAK9EjmL6w7PcHQ0hmUd1uPJqxBo2bp7qh+7xRZ19upXhx6hXe6bzBODGGJMWqC6Y8O2wUJVQllDwx7ZIIVIfkBotwFYgsUwfBOSw2\/QNxscwkQw4qYgi8UMHOM8SUmOqeazU8gJpwloaQ4\/xauaZgcFBjrUfoDxtYSHKIoDaVYCaspci7htDChGkhd5Nj8uZxOMZEpFGcymsiJzZCVKT2TUV61TE8A5hhNRvwxhpEubC4Db2BRkVNBnChd4mMOWEOArDE69gVG\/2qJoYinIY8ioVbRofk5pDEdMJcRTpwyKxiHYhSL1I3yU1jgSB21pViZANUYn4P2BAYTthCdY4aBwl6kvTgGYcRUQ4ftURwMkLJ5AjNXAlkSYxY5SoCmACN\/oTHVYPNWJ5RCgLEpm2W9iwBxUADPJXUpsZifwqg2OySyMg8Yy9SE64k6zFiC4UhV8hjUQcLMbvyL\/Fmm+Wkg+c1O8+Oc3rBZdmX4iezKuAa7Mn6zXXnEMQuvnShNeMhPhNG0FGGaRroklMCNgqkC1TFWIjVlthOIko5CDtq4q8DqSNytQkMU\/Ik17IM84MFV84AH8ADYiIYIu8OmRlkfgFx2e9XKuoVZuFRJyECyZ7iawCqYn7bYvhJxgsvgDYCOywVNshLjV7k89G1KpSHy0D+T4KlJHrwa5MFzHIkNuhg6MRp3ixaYqV5P8DRxDew1aw3s1b8GAs8Gw53K5QBgOp4ccFzYjlnw+vnfdo0\/53HnXVnfD1qhhldthWpWQVLPq18Whyg3FftjFqbjyUPcvkc5zOb5ixi3197kNTVyjeo2ao3q1r5GEe9GNcjDqNyEyOQMZELBv+WGRKfx65S30yjbUKJTtywMK8zfXoh0VfnbJfDezpjytwgcfq8WOOVvt\/sEvKL8bQmcgO4A0MtM2lquF54EWO5EaipExF9Vh5FBN+wIwmj5J6z5BzkYoyvmYHjjNpm5htgQh02NJmQEwjSoeDmxMB1H\/pkKPHG6ukjTPIJpZ+w7weMyQ7OxG\/tYTpYCeSTV15qYMshloeNfYAHabtuQviHCU6BT4wYicXpYg\/QU5m3Xpsn1PElToF2H7WMSW7eYzZ9TAhB3G7AINMO8vaYSMCqoBnGDQFvbklwsesWNBCxD1Rr8mR8N5sqxXlTCe4JRfaH3ZVmNvccjnv+fMOUX6A\/djzCJvWtmUqjV7GLlqZyqRXPULNEcfSLRHNQgmgPHkyPHItzemAKGIAo8UPlpYeVsMvsh1i9PaHOrw\/YSE2LZod1i7bBdhcXK7OVvL39dee7lr1iH+naZ+qDFevtqnU7y+oXLl1heNUO2z2BV49q9DeLYr3jttjAdh76nBzrsMJnIEEye27FhdmZsF0LD9qOfwfB28HxQKBZcBeyQGyVB\/vcAnt\/5CxQzegP7oSHy47CpW262a5CbbceRvZWdciygDxi4cLhFbHe6BX2kEneuFB7NKYOW7wQdqDriJlqNWJAgjRSdckNWiYkIGyJB60jVLUjjKvMPb0a9sizEmSGKWjIcoqJasrND2IyEV2lGYn0Il5fYudS8hJWGIqtMaLFHxpanzPEQTkCnV1y9SKLBvX5itX65eMCH\/fw0xoNxdOpjnxt8J\/+13jTG+KqlMXpNyooX2NRoicYge72KvX0L03Hkq\/w0E9IezAz5gs9EiyJCLM+6n\/FJKJYlk9VnKmqQj0blynv11zoTN\/tVrlW9Gmudl8BrqHVeAq+h1nmFLOdrnauEb6H2R5dbQW3FyqnlsPs5i\/K\/+\/PEyDDEVECfjMS+galMhJqtHNNoflG116zNdu8TbLYjN7uVGgmvzg01r84NNW99Q61XqfvqrW2obXcvXYe7hQ7f4+iyY08RJVmpr62ifcX545nV1JLuXDUPtFF1GV79dRk7uBBUXEtqYZaCqdjR4Q8YIu1xBbxJjHr9\/D\/L\/QnMoBxRNwOIoXjWWoruoVGrJx9kFAlDBzHKgwpsyim0avpZU+BjA1J1BRb1SlN\/Z6dyaQKYjhMPcB9Cy1Acd9juUlSw0YORGXaSUBmnk8jTkNPJHOqAgwd4bD8MDHzSBDvKUN3+NMxfgFXUdDxkLjXwzR7oeWKwLMF1tKCmCxBBRUbnp7Uk+Kq2Y91mVBV1P0E1EcnHqAaZK7YTjuYnWmJXFimWVfEgdP1t8pLvgciBMCTZSs0K2zt76AqzSVliLVpvDO72i0xh7E19hdDpFq6XDcknHulSeu3cly008Of53zPXvutQmCCxDZ8OufLBBsp4iQ0eBTOBXEKwzYTW2nBlEh4pW47AsFg1B3KNXYj8jDTBKgz2HsEDXImJJPYKQ0WS1AhK0Bdz7M1jlK4nzeV1r5iX0W1G74HuuH7thEVn0B9VvCQ4oEUtGaglYPlX2LPrNuOwfnf7EzEeTyN8dFB6IbYfG4wugVYYhHbXT+NvD6oIPkugbrdkdKlBp2NrcTAIHaMvrnX74y8ZNqjyVyLPZWegc5rJmqiazTiL3x19KtWsYgP0Qmw\/WjVHdajmqA7VHK3ng7wGqGaxk\/n6+X+\/\/A37r5KOut6xCbvljs8rrgrHT0Ncg11GsRgM2zaGhjw9XFNdG4T81Da2BCcxKmpqoiTAppz2KL2Ws7jDvg2xT14kcLdJa4m+ZqqSRQJupG16Sf3zOFZCuhP48Cw21APsFpza4IX0FLXE09RcIAUPM6YOfFSdBo4n+p9+\/judo375B0zzBia5pHC1eVgvqZMYKNx3nYm3PzDXld79Ip7o9MvbW+ndC5zSK9Y0G2zeT2isu15v\/JO30x33hpdrCb893D+LUJ0NtD1QnnHFB9Yc0DKOTLIEBBpb5mLg+A0IMayJe0k4gaCNHQFymg3zFxFGiGVXvSJPtmelew\/rKpu4fA7bIb\/kpXPYPtitc9lEbvYHNYhIv9iuP9jFJEHWAdMsTNixFtrEaKBXiknQXj7m8QLN8EWpfXYkILJnDxOUq1ss7kw7YPe9wWBnAB8i+rDT7XabKEaDtvBDmepLLvlGPF79YjGpXaT6dYhUsTHksdfP\/4thq2KcS4f16LPKTxewLNFhhBbbjWdlhZOidFIgaclmh0CXx9wsG+bg198ZLH6U4h150A\/L9Vy1DrRdr53J2WUfYSiwqFOWeyh2Vd9BYYE6XlBvdpwGs5W33yRxomyHp3s8fMb91WODh1Y2v3LJIHw3xMsruIyoDbjgBjzNFJvru7sPblFDfTuAuzwB07a+UdI27mmVzbrRGh8kMfbXZxvxshmX7UBlQWBjeDLENxx2LXbAQbfQPWUPjA9sF+injvtjANxho+4224tVFoK\/2sg9hV67d8lS3Ktdfr065Ndb75wMRrj\/1gW8iXuYSyJvYdHBpYpB\/6PF4AyPq4sKr1p7Wcw+0qZxSvupbQU8huEE6FBmsbzkPDYhd7SG3KtfEL1XvyCCKyGjqNxi9IGlg4qLJxzQ4kgK9UK0tGfcNf6fKEzJCFg0jMQNbpw07ku\/fv6CKtdD2r\/mme2mTGkUanWIu94wNbr6ABtDvn7+N7xHhPorUtbH7veZY4KER\/Rdt0q8b0azG\/AwbvTh2jeDxXMubuJNCVKnXJnOBrbSRFjcuCaLKRYeL7HG9oyiuKAntImf+9QzMsnYo737Bwf3H0JksrbnTk0xl5ckYHoKb6bBo7H2WgbE2uV9hPuoEl0Qo5Gr6GhdoehSpihRdLnK5eee34ha\/Yrk1aFIxdKL0km9U+1tQtQfBm+tYsKwUMJ\/TjBTkCx3G5IV0eI6L4MKpGzPoW8zEP4Fj62eCDbhuuwyeub1QvqVIHWweVSnJmJVFfYIGHqHzEfFtBee7durzoxavzzFAaCrZ4r7fgoE8c3dh4f3H7D973842H347e4DiyfeG7U84TvBYiwquqI3XPd1uhynaMHuChKYT9d1uUvX8M4hiSZgbRJWYv4SlTHlEaQFdqBvq3nyue9\/Pu7F4tLTV2cRe\/XvsWgLb9jr7vRH29s7\/e5OnSlQUpgq+qr\/+al89J7R+41Y4amE9xyxwqMK70vVSs8vvN+gdqid7iXvTVsBdobiGiG8clflNbDBeEJvBlZZZX12reY+u95Va7QL4bf1D+ZJJC49E2BR+eb7w\/u1uiYDZFXFp84d0KLbrvU8AmpfJ+iGMarGUzbnCs7A\/RQX3aIhDDy7kO5IainBB3jZHApxrFlZ70rrvT3JKmOcnG2AcIsh1TrsK5X\/HlqPRsT2VjdyT8CfD236V1Ovd\/GsrRNJfWkUtZen6\/gSuaySRZRMi2oCpS9dLpnuqiSXy58n+pxz0GmkdzAozJ1tgt+eCnPpOxHnMKrTCSDRrKRs6x2If\/SSfxH8Khf4i+BXuZxfSJ9mXbTipGFtA7sH9uMInH\/SfXcGo2XDJ\/iDVXg8NOgutKT0giYjA\/HM1DbK8HmU1nNDS+UGod84g9B\/q17VtAJWUi32Lsw\/2iT032oSxMfbhP5bbYL4eKPQf4dREBW49BeNUfjz4+Fg5Hl2oF5v1ADrs14+491izl8iG7N071uuKIztGxnOBd7a3N5XeA+MbuH1vAec2ekWG9n5KV72Q1f\/gjujXc4Fb8VxPRPI2XJf2T8FirPHHAvM6CJ37ZswxXvOEaSttsCTGNh7aqOaCGJ49TbD3d8EubSiAfviBUKvfrEovXpea4M\/b4icG1VhTt+N+0cb1DcMUaWb9YYhqvS03kSohjlbVjKKTkRgZzRW3rrTWfaMLEZ5aO20uxE7TcpHOJspGxZaVwtvq\/LxWi7no9EJ3AcP8Rzj0Upsmf\/HSnBZPCnoyUgoX4lAYjkirAnv8tfe+9bp\/wc=\" \/><\/form> \t<div class=\"pdf24Plugin-cp-link\"> \t\t<a href=\"#\" onclick=\"var pdf24Win = window.open('about:blank', 'pdf24PopWin', 'resizable=yes,scrollbars=yes,width=600,height=250,left='+(screen.width\/2-300)+',top='+(screen.height\/3-125)+''); pdf24Win.focus(); document.pdf24Form0.submit(); if(typeof pdf24OnCreatePDF === 'function'){void(pdf24OnCreatePDF(this,pdf24Win));} return false;\">TELECHARGER L\\'ARTICLE AU FORMAT PDF<\/a> \t<\/div> <\/div>","protected":false},"excerpt":{"rendered":"<p>&nbsp; &nbsp; TELECHARGER L\\&rsquo;ARTICLE AU FORMAT PDF<\/p>\n","protected":false},"author":1,"featured_media":0,"comment_status":"closed","ping_status":"open","sticky":false,"template":"","format":"standard","meta":{"footnotes":""},"categories":[29,44],"tags":[],"class_list":["post-4235","post","type-post","status-publish","format-standard","hentry","category-archives-des-expositions","category-expositions-2018"],"_links":{"self":[{"href":"http:\/\/www.art-3.org\/art-contemporain\/wp-json\/wp\/v2\/posts\/4235","targetHints":{"allow":["GET"]}}],"collection":[{"href":"http:\/\/www.art-3.org\/art-contemporain\/wp-json\/wp\/v2\/posts"}],"about":[{"href":"http:\/\/www.art-3.org\/art-contemporain\/wp-json\/wp\/v2\/types\/post"}],"author":[{"embeddable":true,"href":"http:\/\/www.art-3.org\/art-contemporain\/wp-json\/wp\/v2\/users\/1"}],"replies":[{"embeddable":true,"href":"http:\/\/www.art-3.org\/art-contemporain\/wp-json\/wp\/v2\/comments?post=4235"}],"version-history":[{"count":60,"href":"http:\/\/www.art-3.org\/art-contemporain\/wp-json\/wp\/v2\/posts\/4235\/revisions"}],"predecessor-version":[{"id":4591,"href":"http:\/\/www.art-3.org\/art-contemporain\/wp-json\/wp\/v2\/posts\/4235\/revisions\/4591"}],"wp:attachment":[{"href":"http:\/\/www.art-3.org\/art-contemporain\/wp-json\/wp\/v2\/media?parent=4235"}],"wp:term":[{"taxonomy":"category","embeddable":true,"href":"http:\/\/www.art-3.org\/art-contemporain\/wp-json\/wp\/v2\/categories?post=4235"},{"taxonomy":"post_tag","embeddable":true,"href":"http:\/\/www.art-3.org\/art-contemporain\/wp-json\/wp\/v2\/tags?post=4235"}],"curies":[{"name":"wp","href":"https:\/\/api.w.org\/{rel}","templated":true}]}}