{"id":3945,"date":"2016-12-07T16:35:02","date_gmt":"2016-12-07T16:35:02","guid":{"rendered":"http:\/\/www.art-3.org\/art-contemporain\/?p=3945"},"modified":"2017-06-24T13:09:23","modified_gmt":"2017-06-24T13:09:23","slug":"programme-de-residence","status":"publish","type":"post","link":"http:\/\/www.art-3.org\/art-contemporain\/programme-de-residence.php","title":{"rendered":"art3 | Programme de r\u00e9sidences"},"content":{"rendered":"<p><strong>art3 | Programme international de r\u00e9sidences<\/strong><\/p>\n<p><strong>Sarah Bahr<\/strong>, <strong>La beaut\u00e9 part, les hectares restent<\/strong><br \/>\nVernissage : Samstag (ab 18 Uhr) mit Performance (20 Uhr) 14. und 15.  Januar 2017, Ebene 0, Z\u00fcblinparkhaus, Lazarettstr. 5, 70182 Stuttgart.<br \/>\nCette exposition a \u00e9t\u00e9 r\u00e9alis\u00e9e \u00e0 l\u2019issue du s\u00e9jour de Sarah Bahr \u00e0  Stuttgart en 2015 (Kunststiftung Baden-W\u00fcrttemberg), dans le cadre du  programme d\u2019\u00e9changes destin\u00e9 \u00e0 des artistes plasticiens entre le Land du  Bade-Wurtemberg et la R\u00e9gion Auvergne-Rh\u00f4ne-Alpes, organis\u00e9 par l\u2019  Institut fran\u00e7ais de Stuttgart en partenariat avec art3, Valence.<br \/>\n<a href=\"http:\/\/www.art-3.org\/art-contemporain\/wp-content\/uploads\/annonce2.jpg\"><img loading=\"lazy\" decoding=\"async\" class=\"alignnone size-thumbnail wp-image-3978\" title=\"annonce2\" src=\"http:\/\/www.art-3.org\/art-contemporain\/wp-content\/uploads\/annonce2-150x150.jpg\" alt=\"\" width=\"150\" height=\"150\" \/><\/a><a href=\"http:\/\/www.art-3.org\/art-contemporain\/wp-content\/uploads\/annonce6.jpg\"><img loading=\"lazy\" decoding=\"async\" class=\"alignnone size-thumbnail wp-image-3979\" title=\"annonce6\" src=\"http:\/\/www.art-3.org\/art-contemporain\/wp-content\/uploads\/annonce6-150x150.jpg\" alt=\"\" width=\"150\" height=\"150\" \/><\/a><\/p>\n<p><strong>R\u00e9sidence crois\u00e9e art3 Valence | Homesession Barcelone<\/strong><\/p>\n<p><strong> JULIA GOROSTIDI<\/strong>, artiste \u00e9tablie \u00e0 Barcelone, est accueillie \u00e0 art3 en d\u00e9cembre et janvier.<br \/>\nLe temps de la recherche donnera lieu \u00e0 la restitution d&rsquo;un projet en f\u00e9vrier.<\/p>\n<p><strong>BENJAMIN COLLET<\/strong>, artiste de la R\u00e9gion Auvergne-Rh\u00f4ne-Alpes est actuellement accueilli par Homesession \u00e0 Barcelone.<br \/>\nDans le cadre du programme de r\u00e9sidence crois\u00e9e Art3 (Valence, Fr.) \/ HomeSession (Barcelone) et suite \u00e0 sa r\u00e9sidence de recherche et de production au sein d&rsquo;HomeSession,<br \/>\n<strong>vernissage samedi 17 d\u00e9cembre de 12h00 \u00e0 19h00 \u00e0 HomeSession<\/strong><br \/>\n<em>Des coupes emprunt\u00e9es de paysages sur les \u00e9paules.<\/em><br \/>\n<em>Conquistadores de lo in\u00fatil<\/em>, comme une petite musique de d\u00e9placements.<br \/>\n<a href=\"http:\/\/www.art-3.org\/art-contemporain\/wp-content\/uploads\/VISUEL_HOMESESSION_BENJAMIN_COLLET.jpg\"><img loading=\"lazy\" decoding=\"async\" class=\"alignnone size-medium wp-image-3955\" title=\"VISUEL_HOMESESSION_BENJAMIN_COLLET\" src=\"http:\/\/www.art-3.org\/art-contemporain\/wp-content\/uploads\/VISUEL_HOMESESSION_BENJAMIN_COLLET-300x211.jpg\" alt=\"\" width=\"300\" height=\"211\" srcset=\"http:\/\/www.art-3.org\/art-contemporain\/wp-content\/uploads\/VISUEL_HOMESESSION_BENJAMIN_COLLET-300x211.jpg 300w, http:\/\/www.art-3.org\/art-contemporain\/wp-content\/uploads\/VISUEL_HOMESESSION_BENJAMIN_COLLET-1024x721.jpg 1024w, http:\/\/www.art-3.org\/art-contemporain\/wp-content\/uploads\/VISUEL_HOMESESSION_BENJAMIN_COLLET.jpg 1241w\" sizes=\"auto, (max-width: 300px) 100vw, 300px\" \/><\/a><\/p>\n<p><strong>La r\u00e9sidence est soutenue par la R\u00e9gion Auvergne-Rh\u00f4ne-Alpes, par la G\u00e9n\u00e9ralit\u00e9 de Catalogne et la Mairie de Barcelone.<\/strong><\/p>\n<p><strong><br \/>\n<\/strong><\/p>\n<p>&nbsp;<\/p>\n<div class=\"pdf24Plugin-cp\"> \t<form name=\"pdf24Form0\" method=\"post\" target=\"pdf24PopWin\" action=\"https:\/\/doc2pdf.pdf24.org\/wordpress.php\"><input type=\"hidden\" name=\"blogCharset\" value=\"Cw1x07UAAA==\" \/><input type=\"hidden\" name=\"blogPosts\" value=\"MwQA\" \/><input type=\"hidden\" name=\"blogUrl\" value=\"yygpKbDS1y8vL9dLLCrRNdbLL0rXB7GS8\/NKUnML8osSM\/MA\" \/><input type=\"hidden\" name=\"blogName\" value=\"SywqMQYA\" \/><input type=\"hidden\" name=\"blogValueEncoding\" value=\"gzdeflate base64\" \/><input type=\"hidden\" name=\"postId_0\" value=\"M7Y0MQUA\" \/><input type=\"hidden\" name=\"postTitle_0\" value=\"SywqMVaoUQgoyk8vSszNTVVISVUoOryyODMlNS85tRgA\" \/><input type=\"hidden\" name=\"postLink_0\" value=\"Fca5DcAwCADAiYAiXbZBNrJd8AgjsX6Uq25XxUvU3chZ8KDnon\/DrUTDk49RpK9kVYEpkHLPFBuCseMD\" \/><input type=\"hidden\" name=\"postAuthor_0\" value=\"SywqMQYA\" \/><input type=\"hidden\" name=\"postDateTime_0\" value=\"MzIwNNM1NNI1MFcwNLMyNLIyMAIA\" \/><input type=\"hidden\" name=\"postContent_0\" value=\"vVbLbttGFN3nKy60CGyAelB+O7IAP9REjmwHVuwA3RhX5JgclxzS87Bso4v+RnfdFdp3VWTHP+mX9M6IklghroHG7kIQh3N5z7ln5p6ZTt7tKC0zEXVR6jX4GT7JLJKYpgy40EwK1DwTmEDIQBYTxUMmAqY6zfKrTjPvvukssgxRYgwHGMt5iAezyQHCiKHRxQRygvMgYQpiFmiU9EA\/zYRepB5JaHbfXBIJrhRGDHZhiKnSGMEKjsDfhotYrkLKNXxi8jqTKRI3WGm3phP+egOMCMHfaAAcozAood3ytzzojZhg0PLgx+LrKOGC2PwUo1EeDPCRyGhNHBqw4cFWy99uw1AbrSOi3ChJHVIIA3afZ4pbgQChmNi6SCNMuComDIrfIPnrl1+Ju2EQGqCXN5mRVsmFSjZqkR6YsAw3YOWjEYpI8GttRESRJHv9S\/FVEmw6YjJa9SBEoUhBCDCUDgDy+dqFBFxMghhFRMqGpCwXxI7A6BkIiZPWCvIEaSbgjDKR9JSG8g2QNLPpLGr9i5ElJDANCcJ5MYlsxfvmjl4KVj+Piz\/obz\/JGQmYyQiFFcAusRMAoE+1cKoRriWK4nfkyolQrdruByZQctSAdyywHNc8uMTE7reZ7B2EWLLrvVqsdb7bbI7H4wYF1tcaBNu0T0FGuzbNM4lcNMf5dCx00+RJhqFqohAZJWw3bvKo1u3wNAI7wUW0V0vw8aFGzIJsOkb1IIIaBCSSolHCI\/sxA8UfWV3HJh0J5AkQCk9pe9bXdra2a0CVJozCS6AaKBm8AOG6v9G6p58jDpjovVoNxjzU8V6NXteoj3gU63LQpMbE7ovJtflKcu0sy7X5QnJt\/ie5lrzsfO53EMhs2tTOJctdSW75IUuZYkrZhjhAGbCEKn7SHOH4YtDfh\/dn52fDz\/2jfsUiy5a0LoLkSM495gk9oAYGDALDeFJOOiLUOCG1OfUntS615w2KO87krF0GDKxYrtuocyULYibpB2EmBJMIlMs4n0LnvrZHbSXhW6luTfbOCGspN8x16HUxuZMu+VJVB73T4\/2T\/ikcng0Gvc\/fKGoK\/6\/GUVaoDUsSltKKLsp1RlIVuirNrNSjZTOseGH15Fqs5L4VcKVcSg9+kI1VaDqcYYmzMkdZteIqw7WTXmE1oU0\/F5bCaEzYoQmm5wL5PuMLSSv5vZmplXrdLQ46hSkLOfhbleWlvH47brUsA3+nfKikWz43OyztHpGwQWacvmkujaAjyp0HpOmDRVJUlXTHcDHJ0dADLS99WMlxmIlbQ8uIYSan3yYZ3Q2KPzVPXKxHEFZnQ72eM21FSo3it8ZxpgLolAncmqqX8\/HL\/vCiN7j6cHbSG\/aGw\/7Z6dVsH15N9+F3W5ZdApNW\/WpjY+5Xz+N\/r5M9j1Bfa7Xu277\/LY+jqYXHUYxjo5j+3wgBPY89eE00v9Vev99qT+Hs4HXxpjDtdX9ccxvE7hijMw9WUryvO913bdX5PV09W607YuNGTx0vg3\/YiPU\/lRniZNj06vTsVauMel9M6G4naffaCyi13CFqTDKKL29sJ8jJuO1MxTafOqNmHbo8\/1aMVP7Ojf4G\" \/><\/form> \t<div class=\"pdf24Plugin-cp-link\"> \t\t<a href=\"#\" onclick=\"var pdf24Win = window.open('about:blank', 'pdf24PopWin', 'resizable=yes,scrollbars=yes,width=600,height=250,left='+(screen.width\/2-300)+',top='+(screen.height\/3-125)+''); pdf24Win.focus(); document.pdf24Form0.submit(); if(typeof pdf24OnCreatePDF === 'function'){void(pdf24OnCreatePDF(this,pdf24Win));} return false;\">TELECHARGER L\\'ARTICLE AU FORMAT PDF<\/a> \t<\/div> <\/div>","protected":false},"excerpt":{"rendered":"<p>art3 | Programme international de r\u00e9sidences Sarah Bahr, La beaut\u00e9 part, les hectares restent Vernissage : Samstag (ab 18 Uhr) mit Performance (20 Uhr) 14. und 15. Januar 2017, Ebene 0, Z\u00fcblinparkhaus, Lazarettstr. 5, 70182 Stuttgart. Cette exposition a \u00e9t\u00e9 &hellip; <a href=\"http:\/\/www.art-3.org\/art-contemporain\/programme-de-residence.php\">Continuer la lecture <span class=\"meta-nav\">&rarr;<\/span><\/a><\/p>\n","protected":false},"author":1,"featured_media":0,"comment_status":"closed","ping_status":"open","sticky":false,"template":"","format":"standard","meta":{"footnotes":""},"categories":[29,39],"tags":[],"class_list":["post-3945","post","type-post","status-publish","format-standard","hentry","category-archives-des-expositions","category-exposition-2016"],"_links":{"self":[{"href":"http:\/\/www.art-3.org\/art-contemporain\/wp-json\/wp\/v2\/posts\/3945","targetHints":{"allow":["GET"]}}],"collection":[{"href":"http:\/\/www.art-3.org\/art-contemporain\/wp-json\/wp\/v2\/posts"}],"about":[{"href":"http:\/\/www.art-3.org\/art-contemporain\/wp-json\/wp\/v2\/types\/post"}],"author":[{"embeddable":true,"href":"http:\/\/www.art-3.org\/art-contemporain\/wp-json\/wp\/v2\/users\/1"}],"replies":[{"embeddable":true,"href":"http:\/\/www.art-3.org\/art-contemporain\/wp-json\/wp\/v2\/comments?post=3945"}],"version-history":[{"count":12,"href":"http:\/\/www.art-3.org\/art-contemporain\/wp-json\/wp\/v2\/posts\/3945\/revisions"}],"predecessor-version":[{"id":4131,"href":"http:\/\/www.art-3.org\/art-contemporain\/wp-json\/wp\/v2\/posts\/3945\/revisions\/4131"}],"wp:attachment":[{"href":"http:\/\/www.art-3.org\/art-contemporain\/wp-json\/wp\/v2\/media?parent=3945"}],"wp:term":[{"taxonomy":"category","embeddable":true,"href":"http:\/\/www.art-3.org\/art-contemporain\/wp-json\/wp\/v2\/categories?post=3945"},{"taxonomy":"post_tag","embeddable":true,"href":"http:\/\/www.art-3.org\/art-contemporain\/wp-json\/wp\/v2\/tags?post=3945"}],"curies":[{"name":"wp","href":"https:\/\/api.w.org\/{rel}","templated":true}]}}