{"id":2935,"date":"2013-07-16T12:42:05","date_gmt":"2013-07-16T12:42:05","guid":{"rendered":"http:\/\/www.art-3.org\/art-contemporain\/?p=2935"},"modified":"2022-10-08T15:15:56","modified_gmt":"2022-10-08T15:15:56","slug":"denis-savary","status":"publish","type":"post","link":"http:\/\/www.art-3.org\/art-contemporain\/denis-savary.php","title":{"rendered":"Denis Savary"},"content":{"rendered":"<h1><em><strong>Etrusques<\/strong><\/em><\/h1>\n<p>Exposition | 14.09. \u2013 16.11.2013 |<br \/>\nEn R\u00e9sonance avec la Biennale de Lyon<\/p>\n<p><a href=\"http:\/\/www.art-3.org\/art-contemporain\/wp-content\/uploads\/dendrites.jpg\"><img loading=\"lazy\" decoding=\"async\" class=\"size-medium wp-image-2948 alignleft\" title=\"dendrites\" src=\"http:\/\/www.art-3.org\/art-contemporain\/wp-content\/uploads\/dendrites-300x242.jpg\" alt=\"\" width=\"300\" height=\"242\" srcset=\"http:\/\/www.art-3.org\/art-contemporain\/wp-content\/uploads\/dendrites-300x242.jpg 300w, http:\/\/www.art-3.org\/art-contemporain\/wp-content\/uploads\/dendrites.jpg 700w\" sizes=\"auto, (max-width: 300px) 100vw, 300px\" \/><\/a><\/p>\n<address>Le Ch\u00e2teau\u00bb calcaire \u00e0 dendrites (origine\u00a0inconnue), illustration extraite de Caillois, R,\u00a0L\u2019\u00e9criture des pierres, Skira Flammarion, 1970,p. 105-106-107<\/address>\n<p>&nbsp;<\/p>\n<p>&nbsp;<\/p>\n<p>&nbsp;<\/p>\n<p>&nbsp;<\/p>\n<p>Sur des tables sont pr\u00e9sent\u00e9s d&rsquo;\u00e9tranges objets en verre. Ceux-ci semblent group\u00e9s par familles, ni vraiment class\u00e9s par taille, ni par couleur, juste assembl\u00e9s en attente d&rsquo;une destination claire.<br \/>\nLe titre de l&rsquo;exposition de Denis Savary nous sugg\u00e8re <em>a priori<\/em> d&rsquo;inclure ces objets \u00e0 une extension de l&rsquo;arch\u00e9ologie. Certes ces baudruches de verre peuvent \u00e9voquer des reliques d&rsquo;obscures pratiques, d&rsquo;ancestraux \u00e9l\u00e9ments rituels ou une s\u00e9rie d&rsquo;objets \u00e0 l&rsquo;usage effac\u00e9, semblables \u00e0 ceux que l&rsquo;on peut trouver derri\u00e8re les vitrines des mus\u00e9es d&rsquo;antiquit\u00e9s, mais, pourtant, la quinzaine de globuleux objets nous apparait famili\u00e8re.<\/p>\n<p><a href=\"http:\/\/www.art-3.org\/art-contemporain\/samuel-gross-denis-savary\" target=\"_blank\" rel=\"noopener\">lire la suite<\/a> du texte de Samuel Gross.<\/p>\n<p><a href=\"http:\/\/www.art-3.org\/art-contemporain\/wp-content\/uploads\/Etrusques-03-copie.jpg\"><img loading=\"lazy\" decoding=\"async\" class=\"alignnone size-full wp-image-2991\" title=\"dsavary-art3-Etrusques\" src=\"http:\/\/www.art-3.org\/art-contemporain\/wp-content\/uploads\/Etrusques-03-copie.jpg\" alt=\"\" width=\"500\" height=\"333\" srcset=\"http:\/\/www.art-3.org\/art-contemporain\/wp-content\/uploads\/Etrusques-03-copie.jpg 500w, http:\/\/www.art-3.org\/art-contemporain\/wp-content\/uploads\/Etrusques-03-copie-300x199.jpg 300w\" sizes=\"auto, (max-width: 500px) 100vw, 500px\" \/><\/a><a href=\"http:\/\/www.art-3.org\/art-contemporain\/wp-content\/uploads\/Etrusques-11-copie.jpg\"><img loading=\"lazy\" decoding=\"async\" class=\"alignnone size-full wp-image-2992\" title=\"dsavary-art3-Etrusques\" src=\"http:\/\/www.art-3.org\/art-contemporain\/wp-content\/uploads\/Etrusques-11-copie.jpg\" alt=\"\" width=\"500\" height=\"333\" srcset=\"http:\/\/www.art-3.org\/art-contemporain\/wp-content\/uploads\/Etrusques-11-copie.jpg 500w, http:\/\/www.art-3.org\/art-contemporain\/wp-content\/uploads\/Etrusques-11-copie-300x199.jpg 300w\" sizes=\"auto, (max-width: 500px) 100vw, 500px\" \/><\/a><\/p>\n<address><a href=\"http:\/\/www.art-3.org\/art-contemporain\/wp-content\/uploads\/Etrusques-41.copie_.jpg\"><img loading=\"lazy\" decoding=\"async\" class=\"alignnone size-full wp-image-2993\" title=\"dsavary-art3-Etrusques\" src=\"http:\/\/www.art-3.org\/art-contemporain\/wp-content\/uploads\/Etrusques-41.copie_.jpg\" alt=\"\" width=\"500\" height=\"333\" srcset=\"http:\/\/www.art-3.org\/art-contemporain\/wp-content\/uploads\/Etrusques-41.copie_.jpg 500w, http:\/\/www.art-3.org\/art-contemporain\/wp-content\/uploads\/Etrusques-41.copie_-300x199.jpg 300w\" sizes=\"auto, (max-width: 500px) 100vw, 500px\" \/><\/a><br \/>\nVue de l&rsquo;exposition &#8211; <em>Etrusques<\/em>, 2013. S\u00e9rie de 15 poissons en verre souffl\u00e9 color\u00e9,<br \/>\nproduction art3 et la Galerie Xippas, Gen\u00e8ve \/ Sans titre, 2013. Ardoises<br \/>\nGiacopo, 2013. Bois, tissus, peau de veau mort-n\u00e9, mat\u00e9riaux divers, Collection priv\u00e9e<br \/>\nPhotos Thierry ChassepouxRemerciements \u00e0 Vincent Breed Glass artist &amp; craftsman for creative people<\/p>\n<\/address>\n<p>Denis Savary n\u00e9 en 1981, vit et travaille \u00e0 Gen\u00e8ve.<\/p>\n<address>FORMATION, PRIX, RESIDENCES (s\u00e9lection)<br \/>\n2011Prix Culturel Arts Visuels, Fondation Vaudoise pour la Culture, Suisse.<br \/>\n2009 Prix F\u00e9d\u00e9ral d\u2019Art, Suisse.<br \/>\n2007 Prix F\u00e9d\u00e9ral d\u2019Art, Suisse.<br \/>\nCit\u00e9 Internationale des Arts, Paris, France.<br \/>\n2006-07 Pavillon du Palais de Tokyo, Paris, France.<br \/>\nAtelier des Arques, Les Arques, France.<br \/>\n2004 Dipl\u00f4me d\u2019arts visuels, Ecole cantonale d\u2019art de Lausanne, Suisse.<br \/>\nPrix Ernest Manganel, Fondation Ernest Manganel, Lausanne, Suisse.<br \/>\nPrix O. Steinman (Histoire de l\u2019art)<br \/>\nPrix Fondation Leenaards, Lausanne, Suisse.<br \/>\nBourse Fondation Ren\u00e9 Liechti pour l\u2019art, Nyon, Suisse.<br \/>\nEXPOSITIONS PERSONNELLES (s\u00e9lection)<br \/>\n2013 Mannequins de Corot, Mus\u00e9e d\u2019art et d\u2019Histoire, Gen\u00e8ve, Suisse.<br \/>\nEtourneaux, Cyclop, Milly-la-For\u00eat, France.<br \/>\nDenis Savary, Galerie Xippas art contemporain, Gen\u00e8ve, Suisse.<br \/>\n2012 Baltiques, Kunsthalle Bern, Suisse.<br \/>\n2011 Un Balcon en for\u00eat, une proposition de Denis Savary avec Jean-Yves Jouannais, Le Granit sc\u00e8ne nationale, Belfort, France.<br \/>\nDiscusssion avec Jean-Yves Jouannais le 17 octobre, Galerie Xippas, Paris, France.<br \/>\nPeriod Room, galerie Evergreene, Gen\u00e8ve, Suisse.<br \/>\n2010 Carrousel, La Ferme du Buisson, Marne-la-Vall\u00e9e, France.<br \/>\nLa villa, Villa Bernasconi, Grand-Lancy, Suisse.<br \/>\nLe Narrenschiff, Centre PasquArt, Bienne, Suisse.<\/address>\n<address>\u00a0<\/address>\n<div class=\"pdf24Plugin-cp\"> \t<form name=\"pdf24Form0\" method=\"post\" target=\"pdf24PopWin\" action=\"https:\/\/doc2pdf.pdf24.org\/wordpress.php\"><input type=\"hidden\" name=\"blogCharset\" value=\"Cw1x07UAAA==\" \/><input type=\"hidden\" name=\"blogPosts\" value=\"MwQA\" \/><input type=\"hidden\" name=\"blogUrl\" value=\"yygpKbDS1y8vL9dLLCrRNdbLL0rXB7GS8\/NKUnML8osSM\/MA\" \/><input type=\"hidden\" name=\"blogName\" value=\"SywqMQYA\" \/><input type=\"hidden\" name=\"blogValueEncoding\" value=\"gzdeflate base64\" \/><input type=\"hidden\" name=\"postId_0\" value=\"M7I0NgUA\" \/><input type=\"hidden\" name=\"postTitle_0\" value=\"c0nNyyxWCE4sSyyqBAA=\" \/><input type=\"hidden\" name=\"postLink_0\" value=\"yygpKbDS1y8vL9dLLCrRNdbLL0rXB7GS8\/NKUnML8osSM\/P0U1LzMot1ixPLEosq9QoyCgA=\" \/><input type=\"hidden\" name=\"postAuthor_0\" value=\"SywqMQYA\" \/><input type=\"hidden\" name=\"postDateTime_0\" value=\"MzIwNNY1MNc1NFMwNLIyMLcyMAUA\" \/><input type=\"hidden\" name=\"postContent_0\" value=\"vVjLbhtHFt3nKy4YwLCB5qNFybJiSoAlUxplZEkQHcFZBaXuIll2d1VPVTVFGlnkH2aVnTEra9azm535J\/mSnFtNUqRkGcmE44WtJrvqPk6duvdcdobxXkfmex3nrdGDva63pftHKV2nOfum0+TXTaz7plPsdceFccoro+lnijcbrZ0G\/fbLPyl+2ojjxkYrbtPPnStLzb1vupoupjfOaKETSWIkE8oE7SuptcgkpZJOJkZ3mkUw3BE0tLK\/Wxt6X3zXbF5fXzeE9fV2w9hBk58So73MC2OF0s3rovqsfbMsMiNS10ylTq3y0jXeFoPaXkflA+I3Sg92a5l4P6nBZ2Kqz8JNdFKjJBPO7dacei\/ruUxVmRMsq1wMZH1jZ\/MZiUwNdCb7vkZe+Uzu1hZuauRsso546+1Wa7yxuRHihke\/W6vRtUr9cLeGVzUaSjUY4lusCU6d9Ov2S3i+jmg94NM2jCFSoApwRelNRI9zMa6HpL5jX8X4CcWt1gg+w6caGNNpir2KDiJNrXRu70TSwXD6Ly9F+em\/lIgsEcpKmn6ghT96bKwaKC0\/fVAaUelSPolIZVkJ\/opAVDnGE9Yy5Q4EXhnlIrqIPn04+e2XX6c3CQyVll87KpS0cB1R752ygg4zkefCwkpE8c52KyoaCHurHree4t82Ip5FyhR+pK9c8XxO6D\/+qVfa4NuLqwx\/cGM8FRZXBwDjf0ofWVxJ83x6gzz0AEvM1VvpHUlNIw63QQeyHNcTRU7msIH9A2vKgjcXwlJf5Mias9KKRsAi5yWB+\/MlnnGRYQF\/TEyZydJG9BYw4vK6YJgXw6fwfPRyEVepA3Ze6QpvGMYpNWZlAGeImxPgpWy2Q95WEXz7UmrlqCdGwk5ImxIQlIPB9CP2cGkSAEPhkEMhWjjFYWd8aMktHKAFh4LjltrNbM89CpsMpzcmMwMV4LJMHd57JcrUlskQj1ge4KRCliNGaHozMqiF1elYmSkujIsIzJVLEAHwY57xq2jxjkse868cwwhwY8BhAjyTGeItQ6AA3yq5ZG+exTzo0qEOkez3RTK9iarDrTiCRQmOnOB1sRoJI3BPKNsIn4O2VgUUeccIZ4Bb4kIueQnfS6kIzQkoZltEueDrUZjSenwfcdHGO\/0eNz8c4iAzV8yO8Rz3cGSiAG9wyyqyBb+N\/7G2O5EDpjoo7Fw9ZXLUXSAHarCwAy5+PwEI\/a7Gh7Jb08YUUktb28u4OiBeh1wklxNKS\/JMCA68F+zSEdttrK\/vLFpmvdXGS1SQP9+AQpvRhknBrahfZtlyI9qJb9tPBUUdkbXrC9d\/tRc9kMOdZrS13Iza7fYamtHnHdPWX+tG962GXhfv7Cx63Rfa09ZKe9paaU9rZEsc\/7\/YsvHV2LKSw9dky7Lj9bFlbnVdbFkRM+vkzmbcCIH+tH7ytL8aeVaT+JrsWfG8PvoszK6LP5WCuiwfEk+Pvn22EcfPg0xamtzwKSKexRrUm2kMSfEWerpyUJe3whFas+z3oU8g+DIDyRnNXBbWpGUSfPDpk\/TcVo8wt7G1NwrNHhrhSOrpx5GkJlorrAaZN3f8wqbwhmgqg0dKABozf7sfJLhHOCVrDej7Sn3hb26AuWa9kwvP0bOIShXixcoDA5VaxQVROIKImdk\/HxpvHL0esn6fYGpgyQoNM76QubSJkpUCg266hHJkcbdvpUzpiC8F56icp0ciL55TYkXfu1xo6hsoYSuh7kYsCk2RyepKr8j+VfkKLIFuvPMsjlhzMXLQgaMgr9n9DLPGam04PLt49eL18dlpROcXx28wnXR7xy+7pwfdHj2GVpsl\/WSWLUCMz60a00GZ8eiSAW5kd6kc68uIDo1OKy1+CXnL5xD0HJ\/hbAcGnBLoL1T6Rqu1Q8Hk4fQmBewioxTTEex+Zun2H1x6wJKSjnFfbDUbVIO\/C+EiVUxWHK1lubxk\/mmdPYgRj2qaJdy5wEgRBPpr825iHtj5wkOiz9T6C1sJ8pOl53t+NumlKrLpf3IZEhCM4WiOYRdXAuMFJPAs7GpF+N1CQJlrfQ\/EAErXQmV7eoVJTWiZLR\/GvVdfNHSG2+ul0szEx38DP42aTVFVJE+WF986OZFSC2FT97D5fXABlLjdcyGZtydKJkOvZlSpnER0OuHhd9VA9835We+Y+dqj8+5F7+z0tHty8iBX25yyljxFhEM8MNbA8qswhSyAxU3hx3mmi\/Jyz7lHfBqlYox6MEkyU8AUqDKpZ6J+iCr2b3\/3rJevaHSnjPHlp+Ua\/6BjZLJB+2hTs2Hv76V2fij4Yu+D4J9ZHtMPmnck\/CtEqCchOB7+UGEfnIHDb2XfS6HrP47A3+9NCfjCVIZh+giZoa64ZPoRZhbXKkIMGRzcz11hTHUuDMQPGcaESPE2mcSbq4D8nUL\/2et2jiUmpQtj8ogGsx1d1OkBKquWX4KxRQfCYkx11SWgQ2n5Dpa0X4YOhQMVOGI+0EvgC5bcdY5NXB5EhKKX8c+KXGEccFZRQCitn2D55K5v4HcKz1K7ZKj6fRAIrQC36lygdYYCFn6fXIp5qdTPnz59WPr2dw==\" \/><\/form> \t<div class=\"pdf24Plugin-cp-link\"> \t\t<a href=\"#\" onclick=\"var pdf24Win = window.open('about:blank', 'pdf24PopWin', 'resizable=yes,scrollbars=yes,width=600,height=250,left='+(screen.width\/2-300)+',top='+(screen.height\/3-125)+''); pdf24Win.focus(); document.pdf24Form0.submit(); if(typeof pdf24OnCreatePDF === 'function'){void(pdf24OnCreatePDF(this,pdf24Win));} return false;\">TELECHARGER L\\'ARTICLE AU FORMAT PDF<\/a> \t<\/div> <\/div>","protected":false},"excerpt":{"rendered":"<p>Etrusques Exposition | 14.09. \u2013 16.11.2013 | En R\u00e9sonance avec la Biennale de Lyon Le Ch\u00e2teau\u00bb calcaire \u00e0 dendrites (origine\u00a0inconnue), illustration extraite de Caillois, R,\u00a0L\u2019\u00e9criture des pierres, Skira Flammarion, 1970,p. 105-106-107 &nbsp; &nbsp; &nbsp; &nbsp; Sur des tables sont pr\u00e9sent\u00e9s &hellip; <a href=\"http:\/\/www.art-3.org\/art-contemporain\/denis-savary.php\">Continuer la lecture <span class=\"meta-nav\">&rarr;<\/span><\/a><\/p>\n","protected":false},"author":1,"featured_media":0,"comment_status":"closed","ping_status":"open","sticky":false,"template":"","format":"standard","meta":{"footnotes":""},"categories":[29,31],"tags":[],"class_list":["post-2935","post","type-post","status-publish","format-standard","hentry","category-archives-des-expositions","category-exposition-2013"],"_links":{"self":[{"href":"http:\/\/www.art-3.org\/art-contemporain\/wp-json\/wp\/v2\/posts\/2935","targetHints":{"allow":["GET"]}}],"collection":[{"href":"http:\/\/www.art-3.org\/art-contemporain\/wp-json\/wp\/v2\/posts"}],"about":[{"href":"http:\/\/www.art-3.org\/art-contemporain\/wp-json\/wp\/v2\/types\/post"}],"author":[{"embeddable":true,"href":"http:\/\/www.art-3.org\/art-contemporain\/wp-json\/wp\/v2\/users\/1"}],"replies":[{"embeddable":true,"href":"http:\/\/www.art-3.org\/art-contemporain\/wp-json\/wp\/v2\/comments?post=2935"}],"version-history":[{"count":35,"href":"http:\/\/www.art-3.org\/art-contemporain\/wp-json\/wp\/v2\/posts\/2935\/revisions"}],"predecessor-version":[{"id":5930,"href":"http:\/\/www.art-3.org\/art-contemporain\/wp-json\/wp\/v2\/posts\/2935\/revisions\/5930"}],"wp:attachment":[{"href":"http:\/\/www.art-3.org\/art-contemporain\/wp-json\/wp\/v2\/media?parent=2935"}],"wp:term":[{"taxonomy":"category","embeddable":true,"href":"http:\/\/www.art-3.org\/art-contemporain\/wp-json\/wp\/v2\/categories?post=2935"},{"taxonomy":"post_tag","embeddable":true,"href":"http:\/\/www.art-3.org\/art-contemporain\/wp-json\/wp\/v2\/tags?post=2935"}],"curies":[{"name":"wp","href":"https:\/\/api.w.org\/{rel}","templated":true}]}}